{"id":526,"date":"2026-09-05T17:33:27","date_gmt":"2026-09-05T17:33:27","guid":{"rendered":"https:\/\/www.parafiakonarzewo.pl\/?p=526"},"modified":"2026-09-05T17:33:27","modified_gmt":"2026-09-05T17:33:27","slug":"intencje-mszalne-29","status":"publish","type":"post","link":"https:\/\/www.parafiakonarzewo.pl\/index.php\/2026\/09\/05\/intencje-mszalne-29\/","title":{"rendered":"Intencje mszalne"},"content":{"rendered":"<p>SOBOTA  05.09.2026<br \/>\n18:00\tza + Stefani\u0119 \u015awit \u2013 int. od wnuka Huberta z rodz. <\/p>\n<p>23. NIEDZIELA ZWYK\u0141A 6.09.2026<br \/>\n8:00\tza + Zofi\u0119 Urbaniak \u2013 int. od wnuka z rodz.<br \/>\n9:30\tDOPIEWIEC: za + Janin\u0119 i Franciszka Nowakowskich<br \/>\n11:00\tza + Zygmunta Jaskulskiego w 30 r. \u015bm. i zm. z rodz.<br \/>\n12:30\tza Parafian<br \/>\n18:00\tza + Teres\u0119 i Jana Najsarek i zm. z rodz. <\/p>\n<p>PONIEDZIA\u0141EK  07.09.2026<br \/>\n18:00\tza + Iren\u0119 Sobkowiak \u2013 int. od wnuka Bartka z rodz.<\/p>\n<p>WTOREK  08.09.2026 NARODZENIE NMP &#8211; \u015aWI\u0118TO<br \/>\n18:00       \tza + Mariana Sa\u0142ata<\/p>\n<p>\u015aRODA  09.09.2026<br \/>\n18:00\tNOWENNOWA \u2013 WSP\u00d3LNA: o pok\u00f3j na \u015bwiecie; w int. Konrada z ok. 18. urodzin z podz. za odebrane \u0142aki z pro\u015b.<br \/>\no Bo\u017ce b\u0142., zdrowie, Dary Ducha \u015aw. opiek\u0119 MB na doros\u0142e \u017cycie oraz wytrwa\u0142o\u015b\u0107 w realizacji \u017cyciowych marze\u0144 i plan\u00f3w;<br \/>\no zdrowie dla chorych; zdrowie dla Patrycji; zdrowie dla Miros\u0142awa i Bo\u017ce b\u0142. dla ca\u0142ej rodz; zdrowie duszy i cia\u0142a<br \/>\ndla Magdaleny; zdrowie dla syna; \u0142ask\u0119 wiary i odczytanie woli Bo\u017cej w \u017cyciu dla Jakuba; uwolnienie od zniewole\u0144 w rodzinie; \u0142ask\u0119 wiary dla dzieci i przywr\u00f3cenie zgody w rodzinie; w intencji matki oraz o zgod\u0119 i trze\u017awo\u015b\u0107 w rodzinie, o \u015bwiat\u0142o Ducha \u015awi\u0119tego, wiar\u0119 i dobre rozeznanie dla syna Jakuba; za Micha\u0142a o uwolnienie z na\u0142ogu; za \u0141ukasza i Mart\u0119 o uwolnienie<br \/>\nz pracoholizmu oraz za zmar\u0142ych:<\/p>\n<p>+ \u0141ukasza Nowaka<br \/>\n+ Tymoteusza Markiewicza<br \/>\n+ Ireneusz Czy\u017c<br \/>\n+ Mart\u0119 Ma\u0107kowiak<br \/>\n+ Czes\u0142awa Wi\u015bniewskiego w 14 r.\u015bm.<br \/>\n+ J\u00f3zef\u0119 Tomaszewsk\u0105 od wnuka Micha\u0142a<br \/>\nz rodz.<br \/>\n+ Natali\u0119 Georgiev zd. Rogal od cioci Zosi Ginter z rodz.<br \/>\n+ Mari\u0119 Rybarczyk od rodz. Walenciak\u00f3w<br \/>\n+ Daniel\u0119, Hieronima Przyweckich, Jerzego Budzicha<br \/>\n+ Bronis\u0142aw\u0119 Linkowsk\u0105 od rodz.<br \/>\n+ Zbigniewa Ludwiczaka od kole\u017canek i koleg\u00f3w ze studi\u00f3w Uniwersytety Przyrodniczego<br \/>\n+ Miros\u0142aw\u0119 Anio\u0142a od Krystyny Murykiewicz<br \/>\nz rodz.<br \/>\n+ Dorot\u0119 Wojciechowsk\u0105 od rodz. Lembicz, Przybeckich z ks. Adrianem<br \/>\n+ Tadeusza Czy\u017c od mieszka\u0144c\u00f3w z ulicy Ko\u015bcielnej<br \/>\n+ Jadwig\u0119 Androwiak od rodziny Przybeckich<br \/>\nz ks. Adrianem<br \/>\n+ Leoadi\u0119 Kurowsk\u0105 od rodziny Janiszewskich<br \/>\ni Budnych<br \/>\n+ Adama Kowalskiego od uczestnik\u00f3w pogrzebu<br \/>\n+ Iren\u0119 Siwczak od wnuka Dawida<br \/>\n+ Ann\u0119 Staniewicz od szwagierki Maryli<br \/>\n+ Czes\u0142aw\u0119 Przydanek od brata Eugeniusza z rodz.<br \/>\n+ Antoniego Czy\u017c od c\u00f3rki Magdaleny z Mateuszem<br \/>\ni dzie\u0107mi<br \/>\n+ Mieczyslaw\u0119 Budzich od wnuczki Kingi<br \/>\nz m\u0119\u017cem Dawidem i Helenk\u0105<br \/>\n+ Mari\u0119 Zych od Marii Nowak<br \/>\n+ Sebastiana Jankowskiego od mamy<br \/>\n+ Dawida Sammlera od rodziny Trojank\u00f3w<br \/>\ni Ewy Dorna <\/p>\n<p>CZWARTEK 10.09.2026<br \/>\n18:00\t1. w 10 r. \u015blubu Emilii i J\u0119drzeja w podzi\u0119kowaniem za otrzymane \u0142aski i z pro\u015bb\u0105 o Bo\u017ce b\u0142. i opiek\u0119 MB<br \/>\n\t2. z podzi\u0119kowaniem za Bo\u017ce prowadzenie i b\u0142. dla rodziny i z pro\u015bb\u0105 o dalsze \u0142aski<br \/>\n19:00\tDOPIEWIEC: za + Stanis\u0142awa Dymka i zm. z rodz. Dymk\u00f3w i Miesza\u0142\u00f3w<\/p>\n<p>PI\u0104TEK  11.09.2026<br \/>\n15:00\tMsza \u015blubna<br \/>\n18:00\tw int. chrze\u015bniak\u00f3w: Aleksandry, Zofii, Anny, Estery, Dawida i Zbyszka o Bo\u017ce b\u0142. i opiek\u0119 MB<\/p>\n<p>SOBOTA  12.09.2026<br \/>\n8:00\tza + Stanis\u0142awa Majchrzaka &#8211; int. od wnuczki z rodz.<br \/>\n16:00\tMsza \u015blubna<br \/>\n18:00\tMSZA ZBIOROWA: w 45 r. \u015blubu Jolanty i Marka Suszczewicz; za + Tomasza Janaszaka; za + Zofi\u0119 Fotyga od s\u0105siad\u00f3w Marii i B\u0142a\u017ceja Mr\u00f3wczy\u0144skich; za + Jerzego Ku\u017aniewskiego; za + Mari\u0119 Rybarczyk od rodz. Walenciak\u00f3w; za + Halin\u0119 W\u0142odarczyk w 7 r. \u015bm. int. od m\u0119\u017ca i dzieci; za + Henryk\u0119 Chojnack\u0105 int. od Eli, Doroty i Leszka; za + Ignacego Su\u0142kowskiego w 6 r.\u015bm. i za zmar\u0142\u0105 \u017con\u0119 Cecyli\u0119; za + Tadeusza, Wac\u0142awa Saneckich, Ireneusza Czy\u017c; za + Bartosza Szulca w 39 r. urodzin int. od Asi z rodz.; za + Leokadi\u0119 w 10 r. \u015bm., Wiktora, Tadeusza, Bo\u017cen\u0119 i Barbar\u0119 Bubie\u0144, Stefani\u0119 i Jana Siwczak\u00f3w i zm.<br \/>\nz rodz.; za + Daniela Koncewicza; za + Grzegorza Marchelka z ok. urodzin; za + Czes\u0142aw\u0119 Holka int. od c\u00f3rki El\u017cbiety<br \/>\nz m\u0119\u017cem Grzegorzem i rodz; za + Agnieszk\u0119, Jana Przybysz, Pelagi\u0119, Mariana, Zygmunta, Franciszka Madali\u0144skich<\/p>\n<p>24. NIEDZIELA ZWYK\u0141A 13.09.2026<br \/>\n8:00\tw 49 r. \u015bl. Barbary i Marka, podz. za odeb. \u0141aski z pr. o Bo\u017ce b\u0142., dary D\u015a., op. MB, zdrowie na dalsze lata dla rodz.<br \/>\n9:30\tDOPIEWIEC: za + Danut\u0119 i Jana Czarneckich<br \/>\n11:00\tza + Dariusza Mak w 7 r. \u015bm.<br \/>\n12:30\tza + Marcina Ka\u017amierczaka w 2 r.\u015bm. \u2013 int. od \u017cony z rodz.<br \/>\n18:00\tza + Janin\u0119, Antoniego, Mieczys\u0142awa, Henryka Le\u015bniewskich i zm. z rodz. Przybysz\u00f3w <\/p>\n","protected":false},"excerpt":{"rendered":"<p>SOBOTA 05.09.2026 18:00 za + Stefani\u0119 \u015awit \u2013 int. od wnuka Huberta z rodz. 23. NIEDZIELA ZWYK\u0141A 6.09.2026 8:00 za + Zofi\u0119 Urbaniak \u2013 int. od wnuka z rodz. 9:30 DOPIEWIEC: za + Janin\u0119 i Franciszka Nowakowskich 11:00 za + Zygmunta Jaskulskiego w 30 r. \u015bm. i zm. z rodz. 12:30 za Parafian 18:00 za<\/p>\n<div class=\"more-link\">\n\t\t\t\t <a href=\"https:\/\/www.parafiakonarzewo.pl\/index.php\/2026\/09\/05\/intencje-mszalne-29\/\" class=\"btn theme-btn inverted\"><span>Read More <\/span><\/a>\n\t\t\t<\/div>\n","protected":false},"author":1,"featured_media":0,"comment_status":"closed","ping_status":"","sticky":false,"template":"","format":"standard","meta":{"footnotes":""},"categories":[4],"tags":[],"class_list":["post-526","post","type-post","status-publish","format-standard","hentry","category-intencje"],"_links":{"self":[{"href":"https:\/\/www.parafiakonarzewo.pl\/index.php\/wp-json\/wp\/v2\/posts\/526","targetHints":{"allow":["GET"]}}],"collection":[{"href":"https:\/\/www.parafiakonarzewo.pl\/index.php\/wp-json\/wp\/v2\/posts"}],"about":[{"href":"https:\/\/www.parafiakonarzewo.pl\/index.php\/wp-json\/wp\/v2\/types\/post"}],"author":[{"embeddable":true,"href":"https:\/\/www.parafiakonarzewo.pl\/index.php\/wp-json\/wp\/v2\/users\/1"}],"replies":[{"embeddable":true,"href":"https:\/\/www.parafiakonarzewo.pl\/index.php\/wp-json\/wp\/v2\/comments?post=526"}],"version-history":[{"count":1,"href":"https:\/\/www.parafiakonarzewo.pl\/index.php\/wp-json\/wp\/v2\/posts\/526\/revisions"}],"predecessor-version":[{"id":527,"href":"https:\/\/www.parafiakonarzewo.pl\/index.php\/wp-json\/wp\/v2\/posts\/526\/revisions\/527"}],"wp:attachment":[{"href":"https:\/\/www.parafiakonarzewo.pl\/index.php\/wp-json\/wp\/v2\/media?parent=526"}],"wp:term":[{"taxonomy":"category","embeddable":true,"href":"https:\/\/www.parafiakonarzewo.pl\/index.php\/wp-json\/wp\/v2\/categories?post=526"},{"taxonomy":"post_tag","embeddable":true,"href":"https:\/\/www.parafiakonarzewo.pl\/index.php\/wp-json\/wp\/v2\/tags?post=526"}],"curies":[{"name":"wp","href":"https:\/\/api.w.org\/{rel}","templated":true}]}}