{"id":524,"date":"2026-09-05T17:33:00","date_gmt":"2026-09-05T17:33:00","guid":{"rendered":"https:\/\/www.parafiakonarzewo.pl\/?p=524"},"modified":"2026-09-05T17:33:00","modified_gmt":"2026-09-05T17:33:00","slug":"23-niedziela-zwykla-6-09-2026","status":"publish","type":"post","link":"https:\/\/www.parafiakonarzewo.pl\/index.php\/2026\/09\/05\/23-niedziela-zwykla-6-09-2026\/","title":{"rendered":"23. NIEDZIELA ZWYK\u0141A 6.09.2026"},"content":{"rendered":"<p>1.\t\u015awi\u0119to Narodzenia NMP przypada w najbli\u017cszy wtorek. B\u0142ogos\u0142awie\u0144stwo ziarna siewnego i nasion b\u0119dzie podczas mszy o godz. 18.00.<br \/>\n2.\tOdwiedziny chorych z sakramentami: ks. Rafa\u0142 odwiedzi chorych z Konarzewa i Trzcielina<br \/>\nw poniedzia\u0142ek 7 wrze\u015bnia od godz. 8.00.<br \/>\n3.\t\u201eKr\u0105g biblijny\u201d ma swoje spotkanie w poniedzia\u0142ek o godz. 19.00 w sali \u201eLaboratorium wiary\u201d.<br \/>\n4.\tKandydaci do bierzmowania z klas 8 oraz ich rodzice maj\u0105 spotkanie w \u015brod\u0119 o godz. 19.00<br \/>\nw ko\u015bciele.<br \/>\n5.\tGrupa m\u0142odzie\u017cowa ma spotkanie w pi\u0105tek o godz. 19.00 w sali \u201eLaboratorium wiary\u201d.<br \/>\n6.\t\u201eDzieci Maryi\u201d maj\u0105 spotkanie w sobot\u0119 o godz. 10.00 w sali \u201eLaboratorium wiary\u201d.<br \/>\n7.\tMinistranci maj\u0105 zbi\u00f3rk\u0119 w sobot\u0119 o godz. 11.00 w ko\u015bciele.<br \/>\n8.\tKatecheza przedchrzcielna odb\u0119dzie si\u0119 w \u015brod\u0119 16 wrze\u015bnia o godz. 18.45 w ko\u015bciele.<br \/>\n9.\tMsza oraz modlitwa o uzdrowienie z ojcem J\u00f3zef Witko OFM b\u0119dzie w czwartek 24 wrze\u015bnia<br \/>\no godz. 18.00.<br \/>\n10.\tBiuro parafialne do ko\u0144ca roku kalendarzowego b\u0119dzie czynne:<br \/>\n\u2022\twe wtorki po zako\u0144czeniu mszy (i nabo\u017ce\u0144stwa) do godz. 19.45<br \/>\n\u2022\tw \u015brody po zako\u0144czeniu mszy (i nabo\u017ce\u0144stwa) do godz. 19.30<br \/>\n            W czwartki biuro parafialne b\u0119dzie nieczynne.<br \/>\n11.\tSpotkanie przy grillu dla parafian, z okazji zako\u0144czenia lata, odb\u0119dzie si\u0119 w niedziel\u0119<br \/>\n13 wrze\u015bnia o godz.16.30 przy plebanii. Przewidziane s\u0105 te\u017c atrakcje dla dzieci. Osoby, kt\u00f3re upiek\u0105 placki prosimy o kontakt z zakrysti\u0105 oraz przyniesienie placka w dniu grilla na plebani\u0119.<br \/>\n12.\tFundacja \u201eMiejsce S\u0142owa\u201d zaprasza na pokaz filmu \u201eBo\u017ce Narodzenie i Z\u0142o\u017cenie do Grobu&#8221;<br \/>\nw ramach \u201eEwangelii w wirtualnej rzeczywisto\u015bci\u201d, kt\u00f3ry odb\u0119dzie si\u0119 13 wrze\u015bnia  w czasie Grilla dla naszych parafian w jadalni O\u015brodka w godzinach 16-20. Specjalna technologia nagrywania umo\u017cliwia ogl\u0105danie obrazu w 360 stopniach. Daje to wra\u017cenie uczestnictwa w wydarzeniach sprzed dw\u00f3ch tysi\u0119cy lat. Zak\u0142adaj\u0105c dedykowane okulary VR, odbiorca jest w stanie poczu\u0107 si\u0119, jakby by\u0142 uczestnikiem wydarze\u0144 biblijnych. Minimalny wiek uczestnik\u00f3w to 13 lat. Wej\u015bci\u00f3wki na pokaz do pobrania po mszach \u015bwi\u0119tych w zakrystii. Nie ma op\u0142at za wst\u0119p. Natomiast uczestnicy maj\u0105 mo\u017cliwo\u015b\u0107 z\u0142o\u017cenia dowolnej ofiary na produkcj\u0119 kolejnego filmu na podstawie Ewangelii.<br \/>\n13.\tSk\u0142adka gospodarcza b\u0119dzie za tydzie\u0144 w niedziel\u0119. Przeznaczymy j\u0105 na renowacj\u0119 pod\u0142ogi<br \/>\nna ch\u00f3rze.<br \/>\n14.\tZmar\u0142 nasz parafianin: \u015bp. Dawid Sammler z Trzcielina \u2013 jego pogrzeb odby\u0142 si\u0119 w ubieg\u0142ym tygodniu. Pole\u0107my go Mi\u0142osierdziu Bo\u017cemu: Wieczny odpoczynek \u2026<\/p>\n","protected":false},"excerpt":{"rendered":"<p>1. \u015awi\u0119to Narodzenia NMP przypada w najbli\u017cszy wtorek. B\u0142ogos\u0142awie\u0144stwo ziarna siewnego i nasion b\u0119dzie podczas mszy o godz. 18.00. 2. Odwiedziny chorych z sakramentami: ks. Rafa\u0142 odwiedzi chorych z Konarzewa i Trzcielina w poniedzia\u0142ek 7 wrze\u015bnia od godz. 8.00. 3. \u201eKr\u0105g biblijny\u201d ma swoje spotkanie w poniedzia\u0142ek o godz. 19.00 w sali \u201eLaboratorium wiary\u201d. 4.<\/p>\n<div class=\"more-link\">\n\t\t\t\t <a href=\"https:\/\/www.parafiakonarzewo.pl\/index.php\/2026\/09\/05\/23-niedziela-zwykla-6-09-2026\/\" class=\"btn theme-btn inverted\"><span>Read More <\/span><\/a>\n\t\t\t<\/div>\n","protected":false},"author":1,"featured_media":0,"comment_status":"closed","ping_status":"","sticky":false,"template":"","format":"standard","meta":{"footnotes":""},"categories":[1],"tags":[],"class_list":["post-524","post","type-post","status-publish","format-standard","hentry","category-ogloszenia"],"_links":{"self":[{"href":"https:\/\/www.parafiakonarzewo.pl\/index.php\/wp-json\/wp\/v2\/posts\/524","targetHints":{"allow":["GET"]}}],"collection":[{"href":"https:\/\/www.parafiakonarzewo.pl\/index.php\/wp-json\/wp\/v2\/posts"}],"about":[{"href":"https:\/\/www.parafiakonarzewo.pl\/index.php\/wp-json\/wp\/v2\/types\/post"}],"author":[{"embeddable":true,"href":"https:\/\/www.parafiakonarzewo.pl\/index.php\/wp-json\/wp\/v2\/users\/1"}],"replies":[{"embeddable":true,"href":"https:\/\/www.parafiakonarzewo.pl\/index.php\/wp-json\/wp\/v2\/comments?post=524"}],"version-history":[{"count":1,"href":"https:\/\/www.parafiakonarzewo.pl\/index.php\/wp-json\/wp\/v2\/posts\/524\/revisions"}],"predecessor-version":[{"id":525,"href":"https:\/\/www.parafiakonarzewo.pl\/index.php\/wp-json\/wp\/v2\/posts\/524\/revisions\/525"}],"wp:attachment":[{"href":"https:\/\/www.parafiakonarzewo.pl\/index.php\/wp-json\/wp\/v2\/media?parent=524"}],"wp:term":[{"taxonomy":"category","embeddable":true,"href":"https:\/\/www.parafiakonarzewo.pl\/index.php\/wp-json\/wp\/v2\/categories?post=524"},{"taxonomy":"post_tag","embeddable":true,"href":"https:\/\/www.parafiakonarzewo.pl\/index.php\/wp-json\/wp\/v2\/tags?post=524"}],"curies":[{"name":"wp","href":"https:\/\/api.w.org\/{rel}","templated":true}]}}