{"id":410,"date":"2026-05-03T05:50:32","date_gmt":"2026-05-03T05:50:32","guid":{"rendered":"https:\/\/www.parafiakonarzewo.pl\/?p=410"},"modified":"2026-05-03T05:50:32","modified_gmt":"2026-05-03T05:50:32","slug":"intencje-mszalne-10","status":"publish","type":"post","link":"https:\/\/www.parafiakonarzewo.pl\/index.php\/2026\/05\/03\/intencje-mszalne-10\/","title":{"rendered":"Intencje mszalne"},"content":{"rendered":"<p>SOBOTA  2.05.2026<br \/>\n18.00\tza + Mariann\u0119 i Kazimierza Plenzler i zm. z rodz. <\/p>\n<p>5. NIEDZIELA WIELKANOCNA  3.05.2026<br \/>\n8.00\tza +  Wojciecha, Stanis\u0142awa, Helen\u0119 \u015amiglak; Stanis\u0142awa i W\u0142adys\u0142aw\u0119 Antysiak<br \/>\n9.30\tDOPIEWIEC: za + Czes\u0142awa \u0141azarewicza w 1 r. \u015bm., Mari\u0119 i W\u0142adys\u0142awa Soba\u0144skich, J\u00f3zefa Soba\u0144skiego<br \/>\n11.00\tw int. maturzyst\u00f3w: Oli i Jasia o dobre wyniki i wybory \u017cyciowe oraz o Bo\u017ce b\u0142. dla wszystkich maturzyst\u00f3w<br \/>\n12.30\tza parafian<br \/>\n18.00\tza + Krystyn\u0119 Murawsk\u0105 w 4. r. \u015bm. <\/p>\n<p>PONIEDZIA\u0141EK  4.05.2026<br \/>\n18.00\tza + Zygmunta Madali\u0144skiego i zm. z rodzic\u00f3w z obu stron <\/p>\n<p>WTOREK  5.05.2026<br \/>\n18.00       \tza + J\u00f3zefa Sobika<\/p>\n<p>\u015aRODA  6.05.2026 \u015aW. APP. FILIPA I JAKUBA &#8211; \u015aWI\u0118TO<br \/>\n18.00\tNOWENNOWA \u2013 WSP\u00d3LNA: o pok\u00f3j na \u015bwiecie; o zdrowie dla chorych; zdrowie dla Patrycji; zdrowie<br \/>\ndla Miros\u0142awa i Bo\u017ce b\u0142. dla ca\u0142ej rodz; zdrowie duszy i cia\u0142a dla Magdaleny; zdrowie dla syna; \u0142ask\u0119 wiary<br \/>\ni odczytanie woli Bo\u017cej w \u017cyciu dla Jakuba; uwolnienie od zniewole\u0144 w rodzinie; \u0142ask\u0119 wiary dla dzieci<br \/>\ni przywr\u00f3cenie zgody w rodzinie; w intencji matki oraz o zgod\u0119 i trze\u017awo\u015b\u0107 w rodzinie, o \u015bwiat\u0142o Ducha \u015awi\u0119tego, wiar\u0119<br \/>\ni dobre rozeznanie dla syna Jakuba oraz za zmar\u0142ych:<\/p>\n<p>+ \u0141ukasza Nowaka<br \/>\n+ Tymoteusza Markiewicza<br \/>\n+ Ireneusz Czy\u017c<br \/>\n+ Mart\u0119 Ma\u0107kowiak<br \/>\n+ Kornela Laufra od \u017cony by\u0142ego w\u0142a\u015bciciela firmy \u201eAnder 87\u201d Hanki Janaszak<br \/>\n+ Iren\u0119 i Leona Wo\u017aniak\u00f3w i Stefana Grajka<br \/>\n+ W\u0142odzimierza Kami\u0144skiego od  wnuka Kamila z rodz.<br \/>\n+ \u0141ukasza Styperka od rodz. Przydank\u00f3w<br \/>\n+ Norberta Paprockiego od rodz. Doktorczyk, Lembicz, Zamorskich, Przybeckich<br \/>\n+ Wies\u0142aw\u0119 Bartkowiak od rodzin J\u0119drzejczak<br \/>\ni Maciejewskich<br \/>\n+ Mieczys\u0142awa Przydanka od Aliny i Ewarysta Wojtczak z rodzin\u0105<br \/>\n+ Zbigniewa Ludwiczaka od rodziny Sigert\u00f3w <\/p>\n<p>+ Grzegorza Marchelka od Arlety i Jacka Guderskich z rodzin\u0105<br \/>\n+ Krzysztofa Wo\u017anego od spo\u0142eczno\u015bci Szko\u0142y Podstawowej w Chom\u0119cicach<br \/>\n+ Franciszka Nowaka od Marii Nowak<br \/>\n+ Adelajd\u0119 G\u0142owick\u0105 od rodz. Ujm\u00f3w<br \/>\n+ Stefani\u0119 Go\u017adzikowsk\u0105 od s\u0105siad\u00f3w Wies\u0142awa Wo\u017anego z rodz. Lidki i Dariusza z rodz. Janiny Cerby<br \/>\n+ Bo\u017cen\u0119 Ma\u0144czak od R\u00f3\u017cy R\u00f3\u017ca\u0144cowej<br \/>\n+ Aleksandra Skrzypczaka od wnuka Marcina<br \/>\ni wnuczki Soni z rodz.<br \/>\n+ Zofi\u0119 Miesza\u0142a od Marioli i Zygmunta Nowak i Kazi Rutkowskiej<br \/>\n+ Stanis\u0142awa Stawarskiego od uczestnik\u00f3w pogrzebu <\/p>\n<p>CZWARTEK 07.05.2026<br \/>\n18.00\tza + Jana Wielb<br \/>\n19.00\tDOPIEWIEC: Janusza Lizakowskiego, Mariana i Felicj\u0119 Otworowskich <\/p>\n<p>PI\u0104TEK  8.05.2026 \u015aW. STANIS\u0141AWA, BISKUPA I M\u0118CZENNIKA, G\u0141\u00d3WNEGO PATRONA POLSKI &#8211; UROCZYSTO\u015a\u0106<br \/>\n18.00\t1. za + Stanis\u0142awa Antkowiaka i Stanis\u0142awa Soba\u0144skiego<br \/>\n\t2. za + Mart\u0119 i Stanis\u0142awa G\u00f3rka, Iren\u0119 D\u0105browsk\u0105, Longina Bernaczyka, Mieczys\u0142awa Koz\u0142owskiego<br \/>\noraz dusze w Czy\u015b\u0107cu cierpi\u0105ce<\/p>\n<p>SOBOTA  9.05.2026<br \/>\n8.00\tw int. Wojciecha o Bo\u017ce prowadzenie i opiek\u0119 Matki Bo\u017cej<br \/>\n10:00\tI KOMUNIA \u015aWI\u0118TA<br \/>\n12:00\tI KOMUNIA \u015aWI\u0118TA<br \/>\n14:00\tI KOMUNIA \u015aWI\u0118TA<br \/>\n18.00\tMSZA ZBIOROWA: za + Iren\u0119 Tyczewska od c\u00f3rki z m\u0119\u017cem; za + Halin\u0119 Go\u017adziewicz od Jaros\u0142awa z \u017con\u0105 Beata;<br \/>\nza + Norberta Paprockiego od siostry Beaty z m\u0119\u017cem Jaros\u0142awem; w 18 rocz. ur. Rozalii; za + Stanis\u0142awa Brojewskiego w 10. Rocz. \u015bm.; za + Paw\u0142a Dobrzykowskiego od \u017cony, c\u00f3rki z m\u0119\u017cem i bratem z rodz.; za + Edmunda Polaczyka od wnuka Arka z rodz.; za + Stefani\u0119 Go\u017adzikowsk\u0105 od wnuczek Sandry i Marty z rodz.; za + Tadeusza, Wac\u0142awa Saneckich, Ireneusza Czy\u017c; za + Tadeusza Fajfer od rodz. Potrawiak\u00f3w z Go\u0142usek; za + Helen\u0119 i Stanis\u0142awa Kopaczewskich; w int. Anety i Romana<br \/>\nz okazji 60. Urodzin o Bo\u017ce B\u0142. opiek\u0119 Matki Bo\u017cej i \u0142aski dla ca\u0142ej rodz.; za + Stefana Przybysza od siostry Henii z rodz.;<br \/>\nza + Krystyn\u0119, Aleksandra Pankiewicz w 2 rocz. \u015bm. <\/p>\n<p>6. NIEDZIELA WIELKANOCNA  10.05.2026<br \/>\n8.00\tw 40. urodziny Paw\u0142a o Bo\u017ce b\u0142. i opiek\u0119 Matki Bo\u017cej<br \/>\n9.30\tDOPIEWIEC: msza dzi\u0119kczynna z okazji 50 r. ur. Agnieszki i roczku Julii z pro\u015bb\u0105 o zdrowie i opiek\u0119 Bo\u017c\u0105<br \/>\n10.30\tI KOMUNIA \u015aWI\u0118TA<br \/>\n12:30\tI KOMUNIA \u015aWI\u0118TA<br \/>\n18.00\tza + Kazimier\u0119 i Stanis\u0142awa Skokowskich i zm. z rodz. <\/p>\n","protected":false},"excerpt":{"rendered":"<p>SOBOTA 2.05.2026 18.00 za + Mariann\u0119 i Kazimierza Plenzler i zm. z rodz. 5. NIEDZIELA WIELKANOCNA 3.05.2026 8.00 za + Wojciecha, Stanis\u0142awa, Helen\u0119 \u015amiglak; Stanis\u0142awa i W\u0142adys\u0142aw\u0119 Antysiak 9.30 DOPIEWIEC: za + Czes\u0142awa \u0141azarewicza w 1 r. \u015bm., Mari\u0119 i W\u0142adys\u0142awa Soba\u0144skich, J\u00f3zefa Soba\u0144skiego 11.00 w int. maturzyst\u00f3w: Oli i Jasia o dobre wyniki i<\/p>\n<div class=\"more-link\">\n\t\t\t\t <a href=\"https:\/\/www.parafiakonarzewo.pl\/index.php\/2026\/05\/03\/intencje-mszalne-10\/\" class=\"btn theme-btn inverted\"><span>Read More <\/span><\/a>\n\t\t\t<\/div>\n","protected":false},"author":1,"featured_media":0,"comment_status":"closed","ping_status":"","sticky":false,"template":"","format":"standard","meta":{"footnotes":""},"categories":[4],"tags":[],"class_list":["post-410","post","type-post","status-publish","format-standard","hentry","category-intencje"],"_links":{"self":[{"href":"https:\/\/www.parafiakonarzewo.pl\/index.php\/wp-json\/wp\/v2\/posts\/410","targetHints":{"allow":["GET"]}}],"collection":[{"href":"https:\/\/www.parafiakonarzewo.pl\/index.php\/wp-json\/wp\/v2\/posts"}],"about":[{"href":"https:\/\/www.parafiakonarzewo.pl\/index.php\/wp-json\/wp\/v2\/types\/post"}],"author":[{"embeddable":true,"href":"https:\/\/www.parafiakonarzewo.pl\/index.php\/wp-json\/wp\/v2\/users\/1"}],"replies":[{"embeddable":true,"href":"https:\/\/www.parafiakonarzewo.pl\/index.php\/wp-json\/wp\/v2\/comments?post=410"}],"version-history":[{"count":1,"href":"https:\/\/www.parafiakonarzewo.pl\/index.php\/wp-json\/wp\/v2\/posts\/410\/revisions"}],"predecessor-version":[{"id":411,"href":"https:\/\/www.parafiakonarzewo.pl\/index.php\/wp-json\/wp\/v2\/posts\/410\/revisions\/411"}],"wp:attachment":[{"href":"https:\/\/www.parafiakonarzewo.pl\/index.php\/wp-json\/wp\/v2\/media?parent=410"}],"wp:term":[{"taxonomy":"category","embeddable":true,"href":"https:\/\/www.parafiakonarzewo.pl\/index.php\/wp-json\/wp\/v2\/categories?post=410"},{"taxonomy":"post_tag","embeddable":true,"href":"https:\/\/www.parafiakonarzewo.pl\/index.php\/wp-json\/wp\/v2\/tags?post=410"}],"curies":[{"name":"wp","href":"https:\/\/api.w.org\/{rel}","templated":true}]}}