{"id":408,"date":"2026-05-03T05:50:05","date_gmt":"2026-05-03T05:50:05","guid":{"rendered":"https:\/\/www.parafiakonarzewo.pl\/?p=408"},"modified":"2026-05-03T05:50:05","modified_gmt":"2026-05-03T05:50:05","slug":"5-niedziela-wielkanocna-03-05-2026","status":"publish","type":"post","link":"https:\/\/www.parafiakonarzewo.pl\/index.php\/2026\/05\/03\/5-niedziela-wielkanocna-03-05-2026\/","title":{"rendered":"5. NIEDZIELA WIELKANOCNA 03.05.2026"},"content":{"rendered":"<p>1.\tRocznica wyboru papie\u017ca Leona przypada w najbli\u017cszy pi\u0105tek.<br \/>\n2.\tUroczysto\u015bci udzielenia Pierwszej Komunii \u015awi\u0119tej odb\u0119d\u0105 si\u0119 w sobot\u0119 9 maja podczas mszy<br \/>\no godz. 10.00. 12.00 i 14.00 oraz w niedziel\u0119 10 maja podczas mszy o godz. 10.30 (!)<br \/>\ni o godz. 12.30. Prosimy parafian, aby za tydzie\u0144 w niedziel\u0119 wybrali inn\u0105 godzin\u0119 mszy.<br \/>\n3.\tNabo\u017ce\u0144stwa majowe odbywaj\u0105 si\u0119 do ko\u0144ca maja wed\u0142ug nast\u0119puj\u0105cego porz\u0105dku:<br \/>\n\u2022\tw ko\u015bciele w Konarzewie codziennie po mszy o godz. 18.00<br \/>\n\u2022\tw ko\u015bciele w Dopiewcu w czwartek po mszy o godz. 19.00 i w niedziel\u0119 po mszy o godz. 9.30.<br \/>\n\u2022\tprzy figurze przy ul. Pozna\u0144skiej w Konarzewie w ka\u017cd\u0105 niedziel\u0119 o godz. 20.00<br \/>\n\u2022\tprzy figurze w Go\u0142uskach codziennie o godz. 19.45.<br \/>\n\u2022\tprzy krzy\u017cu z figur\u0105 w Chom\u0119cicach codziennie o godz. 19.30.<br \/>\n\u2022\tprzy figurze w Trzcielinie codziennie o godz. 19.00<br \/>\n4.\t\u201eDzieci Maryi\u201d zapraszaj\u0105 na nabo\u017ce\u0144stwa majowe przy krzy\u017cach i figurach na terenie naszej parafii, w wybrane dni o godz. 19.15. Szczeg\u00f3\u0142y na tablicy og\u0142osze\u0144 i kartkach rozdawanych przy wyj\u015bciach z ko\u015bcio\u0142a. W dniu, w kt\u00f3rym \u201eDzieci Maryi\u201d prowadz\u0105 w danej miejscowo\u015bci nabo\u017ce\u0144stwo, nie b\u0119dzie w tej samej miejscowo\u015bci r\u00f3wnolegle drugiego nabo\u017ce\u0144stwa<br \/>\n(dotyczy Chom\u0119cic, Trzcielina, Go\u0142usek).<br \/>\n5.\tR\u00f3\u017caniec o powo\u0142ania odb\u0119dzie w czwartek po mszy w dolnej kaplicy a po nim odb\u0119dzie si\u0119 adoracja w ciszy do godz. 20.00, tak\u017ce w dolnej kaplicy.<br \/>\n6.\tOdwiedziny chorych z sakramentami: ks. Robert odwiedzi chorych z Konarzewa i Trzcielina<br \/>\nw czwartek 7 maja od godz. 8.00 a ks. Proboszcz odwiedzi:<br \/>\n\u2022\tchorych z Chom\u0119cic z ul. Pozna\u0144skiej, w \u015brod\u0119 6 maja od godz. 8.45<br \/>\n\u2022\tchorych z Chom\u0119cic z ul. S\u0142onecznej, St\u0119szewskiej, Polnej i \u015arodkowej w czwartek 7 maja od godz. 8.45<br \/>\n\u2022\tchorych z Dopiewca w pi\u0105tek 8 maja od godz. 8.45<br \/>\n\u2022\tchorych z Go\u0142usek w \u015brod\u0119 13 maja od godz. 9.00.<br \/>\n7.\tKatecheza przedchrzcielna odb\u0119dzie si\u0119 w \u015brod\u0119 6 maja o godz. 18.50 w dolnej kaplicy.<br \/>\n8.\tRada duszpasterska ma spotkanie w \u015brod\u0119 6 maja o godz. 20.00 na plebanii.<br \/>\n9.\tWstrzemi\u0119\u017aliwo\u015bci od pokarm\u00f3w mi\u0119snych nie obowi\u0105zuje w najbli\u017cszy pi\u0105tek<br \/>\nz racji uroczysto\u015bci.<br \/>\n10.\tSk\u0142adka gospodarcza b\u0119dzie przeprowadzona za tydzie\u0144 w niedziel\u0119. Przeznaczymy j\u0105 na renowacj\u0119 pod\u0142ogi na ch\u00f3rze.<br \/>\n11.\tOsoby ch\u0119tne do wykonania dywanu kwiatowego na Bo\u017ce Cia\u0142o prosimy o kontakt<br \/>\nz ksi\u0119dzem Robertem.<br \/>\n12.\tNajnowszy numer pisma parafialnego \u201eWsp\u00f3lnota\u201d jest dost\u0119pny przy wyj\u015bciach z ko\u015bcio\u0142a.<\/p>\n","protected":false},"excerpt":{"rendered":"<p>1. Rocznica wyboru papie\u017ca Leona przypada w najbli\u017cszy pi\u0105tek. 2. Uroczysto\u015bci udzielenia Pierwszej Komunii \u015awi\u0119tej odb\u0119d\u0105 si\u0119 w sobot\u0119 9 maja podczas mszy o godz. 10.00. 12.00 i 14.00 oraz w niedziel\u0119 10 maja podczas mszy o godz. 10.30 (!) i o godz. 12.30. Prosimy parafian, aby za tydzie\u0144 w niedziel\u0119 wybrali inn\u0105 godzin\u0119 mszy.<\/p>\n<div class=\"more-link\">\n\t\t\t\t <a href=\"https:\/\/www.parafiakonarzewo.pl\/index.php\/2026\/05\/03\/5-niedziela-wielkanocna-03-05-2026\/\" class=\"btn theme-btn inverted\"><span>Read More <\/span><\/a>\n\t\t\t<\/div>\n","protected":false},"author":1,"featured_media":0,"comment_status":"closed","ping_status":"","sticky":false,"template":"","format":"standard","meta":{"footnotes":""},"categories":[1],"tags":[],"class_list":["post-408","post","type-post","status-publish","format-standard","hentry","category-ogloszenia"],"_links":{"self":[{"href":"https:\/\/www.parafiakonarzewo.pl\/index.php\/wp-json\/wp\/v2\/posts\/408","targetHints":{"allow":["GET"]}}],"collection":[{"href":"https:\/\/www.parafiakonarzewo.pl\/index.php\/wp-json\/wp\/v2\/posts"}],"about":[{"href":"https:\/\/www.parafiakonarzewo.pl\/index.php\/wp-json\/wp\/v2\/types\/post"}],"author":[{"embeddable":true,"href":"https:\/\/www.parafiakonarzewo.pl\/index.php\/wp-json\/wp\/v2\/users\/1"}],"replies":[{"embeddable":true,"href":"https:\/\/www.parafiakonarzewo.pl\/index.php\/wp-json\/wp\/v2\/comments?post=408"}],"version-history":[{"count":1,"href":"https:\/\/www.parafiakonarzewo.pl\/index.php\/wp-json\/wp\/v2\/posts\/408\/revisions"}],"predecessor-version":[{"id":409,"href":"https:\/\/www.parafiakonarzewo.pl\/index.php\/wp-json\/wp\/v2\/posts\/408\/revisions\/409"}],"wp:attachment":[{"href":"https:\/\/www.parafiakonarzewo.pl\/index.php\/wp-json\/wp\/v2\/media?parent=408"}],"wp:term":[{"taxonomy":"category","embeddable":true,"href":"https:\/\/www.parafiakonarzewo.pl\/index.php\/wp-json\/wp\/v2\/categories?post=408"},{"taxonomy":"post_tag","embeddable":true,"href":"https:\/\/www.parafiakonarzewo.pl\/index.php\/wp-json\/wp\/v2\/tags?post=408"}],"curies":[{"name":"wp","href":"https:\/\/api.w.org\/{rel}","templated":true}]}}