{"id":405,"date":"2026-04-25T21:55:12","date_gmt":"2026-04-25T21:55:12","guid":{"rendered":"https:\/\/www.parafiakonarzewo.pl\/?p=405"},"modified":"2026-04-25T21:55:12","modified_gmt":"2026-04-25T21:55:12","slug":"intencje-mszalne-9","status":"publish","type":"post","link":"https:\/\/www.parafiakonarzewo.pl\/index.php\/2026\/04\/25\/intencje-mszalne-9\/","title":{"rendered":"Intencje mszalne"},"content":{"rendered":"<p>SOBOTA 25.04.2026<br \/>\n18.00\tw 1 r.  sakramentu ma\u0142\u017c. Marty i Sebastiana z pro\u015bb\u0105 o Bo\u017ce b\u0142. i opiek\u0119 Matki Bo\u017cej dla nich i ich synka Leosia<\/p>\n<p>4. NIEDZIELA WIELKANOCNA 26.04.2026<br \/>\n8.00\tza + Mariann\u0119 i W\u0142adys\u0142awa G\u0142uchowskich &#8211; int. od Stanis\u0142awa z rodz.<br \/>\n9.30\tDOPIEWIEC: za + Regin\u0119 i Stanis\u0142awa Kmiecik\u00f3w i zm. z rodz.<br \/>\n11.00\tw 45 r. \u015blubu Marii i Romana z podz. za odebrane \u0142aski oraz z pro\u015bb\u0105 o Bo\u017ce b\u0142. i opiek\u0119 Matki Bo\u017cej<br \/>\ndla ca\u0142ej rodz.<br \/>\n12.30\tW INTENCJI DZIECI OBCHODZ\u0104CYCH URODZINY W KWIETNIU<br \/>\n18.00\tw 20 r. \u015blubu Ma\u0142gorzaty i Paw\u0142a z podz. za odebrane \u0142aski oraz z pro\u015bb\u0105 o Bo\u017ce b\u0142. i \u015bwiat\u0142o Ducha \u015awi\u0119tego<\/p>\n<p>PONIEDZIA\u0141EK 27.04.2026<br \/>\n18.00\tza + Wiktori\u0119, Stanis\u0142awa, Janin\u0119 i Stefana Fr\u0105ckowiak<\/p>\n<p>WTOREK 28.04.2026<br \/>\n18.00       \tza + Zofi\u0119, Wincentego, Bogus\u0142awa Zimnych; J\u00f3zefa i Ew\u0119 Suchojad <\/p>\n<p>\u015aRODA 29.04.2026 \u015aW. KATARZYNY ZE SIENY, DZ. I DK., PATRONKI EUROPY I \u015aWI\u0118TO<br \/>\n18.00\tNOWENNOWA \u2013 WSP\u00d3LNA: o pok\u00f3j na \u015bwiecie; o zdrowie dla chorych; zdrowie dla Patrycji; zdrowie<br \/>\ndla Miros\u0142awa i Bo\u017ce b\u0142. dla ca\u0142ej rodz; zdrowie duszy i cia\u0142a dla Magdaleny; zdrowie dla syna; \u0142ask\u0119 wiary<br \/>\ni odczytanie woli Bo\u017cej w \u017cyciu dla Jakuba; uwolnienie od zniewole\u0144 w rodzinie; \u0142ask\u0119 wiary dla dzieci<br \/>\ni przywr\u00f3cenie zgody w rodzinie; w intencji matki oraz o zgod\u0119 i trze\u017awo\u015b\u0107 w rodzinie, o \u015bwiat\u0142o Ducha \u015awi\u0119tego, wiar\u0119 i dobre rozeznanie dla syna Jakuba oraz za zmar\u0142ych:<\/p>\n<p>+ \u0141ukasza Nowaka<br \/>\n+ Tymoteusza Markiewicza<br \/>\n+ Ireneusz Czy\u017c<br \/>\n+ Mart\u0119 Ma\u0107kowiak<br \/>\n+ Wies\u0142aw\u0119 Bartkowiak od Wies\u0142awa<br \/>\ni Danuty Witkowskich z rodzin\u0105<br \/>\n+ Mieczys\u0142awa Przydanka od Haliny Karczy\u0144skiej<br \/>\n+ Zbigniewa Ludwiczaka od kole\u017canek<br \/>\ni koleg\u00f3w z firmy AGRICEL<br \/>\n+ Grzegorza Marchelka od rodziny Michalak\u00f3w<br \/>\n+ Krzysztofa Wo\u017anego od rodzin Staszak, Pietraszko, Lewek i Stachowiak<br \/>\n+ Franciszka Nowaka od rodz. Chmielowskich i Nowak\u00f3w<br \/>\n+ Adelajd\u0119 G\u0142owick\u0105 od Ewy i Mieczys\u0142awa Mrozkowiak z rodz.<br \/>\n+ \u0141ukasza Styperka od uczestnik\u00f3w pogrzebu<br \/>\n+ Stefani\u0119 Go\u017adzikowsk\u0105 od rodz. Janiszewskich i Budnych<br \/>\n+ Bo\u017cen\u0119 Ma\u0144czak od s\u0105siad\u00f3w<br \/>\nz bloku nr 6<br \/>\n+ Aleksandra Skrzypczaka od brata Eugeniusza z rodz.<br \/>\n+ Zofi\u0119 Miesza\u0142a od Ewy Dorna i rodz. Trojank\u00f3w<br \/>\n+ Stanis\u0142awa Stawarskiego od rodziny Janiszewskich<\/p>\n<p>CZWARTEK 30.04.2026<br \/>\n18.00\tza + Marcina Linkowskiego i Dorot\u0119 Schenk<br \/>\n19.00\tDOPIEWIEC: w intencji fundator\u00f3w, budowniczych, darczy\u0144c\u00f3w oraz troszcz\u0105cych si\u0119 obecnie o ko\u015bci\u00f3\u0142 filialny w Dopiewcu <\/p>\n<p>PI\u0104TEK  1.05.2026<br \/>\n15.30 \tMsza jubileuszowa<br \/>\n18.00\tza + Mari\u0119 i J\u00f3zefa Sa\u0142ata; Mari\u0119 i J\u00f3zefa G\u00f3rczak; Bart\u0142omieja Boi\u0144skiego i zm. z rodz. Turowskich <\/p>\n<p>SOBOTA  2.05.2026 NMP KR\u00d3LOWEJ POLSKI, G\u0141\u00d3WNEJ PATRONKI POLSKI &#8211; UROCZYSTO\u015a\u0106<br \/>\n8.00\tW INTENCJI WYNAGRADZAJ\u0104CEJ NIEPOKALNEMU SERCU MARYI<br \/>\n18.00\tza + Mariann\u0119 i Kazimierza Plenzler i zm. z rodz. <\/p>\n<p>5. NIEDZIELA WIELKANOCNA  3.05.2026<br \/>\n8.00\tza +  Wojciecha, Stanis\u0142awa, Helen\u0119 \u015amiglak; Stanis\u0142awa i W\u0142adys\u0142aw\u0119 Antysiak<br \/>\n9.30\tDOPIEWIEC: za + Czes\u0142awa \u0141azarewicza w 1 r. \u015bm., Mari\u0119 i W\u0142adys\u0142awa Soba\u0144skich, J\u00f3zefa Soba\u0144skiego<br \/>\n11.00\tw int. maturzyst\u00f3w: Oli i Jasia o dobre wyniki i dobre wybory \u017cyciowe oraz o Bo\u017ce b\u0142. dla wszystkich maturzyst\u00f3w<br \/>\n12.30\tza parafian<br \/>\n18.00\tza + Krystyn\u0119 Murawsk\u0105 w 4. r. \u015bm. <\/p>\n","protected":false},"excerpt":{"rendered":"<p>SOBOTA 25.04.2026 18.00 w 1 r. sakramentu ma\u0142\u017c. Marty i Sebastiana z pro\u015bb\u0105 o Bo\u017ce b\u0142. i opiek\u0119 Matki Bo\u017cej dla nich i ich synka Leosia 4. NIEDZIELA WIELKANOCNA 26.04.2026 8.00 za + Mariann\u0119 i W\u0142adys\u0142awa G\u0142uchowskich &#8211; int. od Stanis\u0142awa z rodz. 9.30 DOPIEWIEC: za + Regin\u0119 i Stanis\u0142awa Kmiecik\u00f3w i zm. z rodz.<\/p>\n<div class=\"more-link\">\n\t\t\t\t <a href=\"https:\/\/www.parafiakonarzewo.pl\/index.php\/2026\/04\/25\/intencje-mszalne-9\/\" class=\"btn theme-btn inverted\"><span>Read More <\/span><\/a>\n\t\t\t<\/div>\n","protected":false},"author":1,"featured_media":0,"comment_status":"closed","ping_status":"","sticky":false,"template":"","format":"standard","meta":{"footnotes":""},"categories":[4],"tags":[],"class_list":["post-405","post","type-post","status-publish","format-standard","hentry","category-intencje"],"_links":{"self":[{"href":"https:\/\/www.parafiakonarzewo.pl\/index.php\/wp-json\/wp\/v2\/posts\/405","targetHints":{"allow":["GET"]}}],"collection":[{"href":"https:\/\/www.parafiakonarzewo.pl\/index.php\/wp-json\/wp\/v2\/posts"}],"about":[{"href":"https:\/\/www.parafiakonarzewo.pl\/index.php\/wp-json\/wp\/v2\/types\/post"}],"author":[{"embeddable":true,"href":"https:\/\/www.parafiakonarzewo.pl\/index.php\/wp-json\/wp\/v2\/users\/1"}],"replies":[{"embeddable":true,"href":"https:\/\/www.parafiakonarzewo.pl\/index.php\/wp-json\/wp\/v2\/comments?post=405"}],"version-history":[{"count":1,"href":"https:\/\/www.parafiakonarzewo.pl\/index.php\/wp-json\/wp\/v2\/posts\/405\/revisions"}],"predecessor-version":[{"id":406,"href":"https:\/\/www.parafiakonarzewo.pl\/index.php\/wp-json\/wp\/v2\/posts\/405\/revisions\/406"}],"wp:attachment":[{"href":"https:\/\/www.parafiakonarzewo.pl\/index.php\/wp-json\/wp\/v2\/media?parent=405"}],"wp:term":[{"taxonomy":"category","embeddable":true,"href":"https:\/\/www.parafiakonarzewo.pl\/index.php\/wp-json\/wp\/v2\/categories?post=405"},{"taxonomy":"post_tag","embeddable":true,"href":"https:\/\/www.parafiakonarzewo.pl\/index.php\/wp-json\/wp\/v2\/tags?post=405"}],"curies":[{"name":"wp","href":"https:\/\/api.w.org\/{rel}","templated":true}]}}