{"id":403,"date":"2026-04-25T21:54:10","date_gmt":"2026-04-25T21:54:10","guid":{"rendered":"https:\/\/www.parafiakonarzewo.pl\/?p=403"},"modified":"2026-04-25T21:54:10","modified_gmt":"2026-04-25T21:54:10","slug":"4-niedziela-wielkanocna-26-04-2026","status":"publish","type":"post","link":"https:\/\/www.parafiakonarzewo.pl\/index.php\/2026\/04\/25\/4-niedziela-wielkanocna-26-04-2026\/","title":{"rendered":"4. NIEDZIELA WIELKANOCNA 26.04.2026"},"content":{"rendered":"<p>1.\t\u015awiatowy Dzie\u0144 Modlitw o powo\u0142ania i rozpocz\u0119cie Kwartalnych dni modlitw o powo\u0142ania do s\u0142u\u017cby<br \/>\nw Ko\u015bciele, obchodzimy dzi\u015b w Ko\u015bciele.<br \/>\n2.\tMsza w intencji dzieci obchodz\u0105cych urodziny w kwietniu b\u0119dzie odprawiona dzi\u015b w niedziel\u0119<br \/>\no godz. 12.30. W zakrystii mo\u017cna poda\u0107 imi\u0119, nazwisko i wiek dziecka do odczytania podczas mszy.<br \/>\n3.\tPierwsza rocznica ingresu Ksi\u0119dza Arcybiskupa do katedry pozna\u0144skiej przypada 1 maja. W tym dniu, Ksi\u0105dz Arcybiskup odprawi w katedrze msz\u0119 o godz. 8.00, na kt\u00f3r\u0105 zaproszeni s\u0105 wszyscy diecezjanie.<br \/>\n4.\tUroczysto\u015b\u0107 Naj\u015bwi\u0119tszej Maryi Panny Kr\u00f3lowej Polski, g\u0142\u00f3wnej patronki Polski, w tym roku<br \/>\nw Ko\u015bciele w Polsce, zostaje przeniesiona na sobot\u0119 2 maja. Msza z uroczysto\u015bci b\u0119dzie odprawiona o godz. 8.00. Msza o godz. 18.00 tego dnia b\u0119dzie ju\u017c msz\u0105 niedzieln\u0105.<br \/>\n5.\tMedytacja pierwszosobotnia b\u0119dzie odtworzona po mszy o godz. 8.00. R\u00f3\u017caniec prosimy odm\u00f3wi\u0107<br \/>\nwe w\u0142asnym zakresie.<br \/>\n6.\tNabo\u017ce\u0144stwa majowe odbywaj\u0105 si\u0119 do ko\u0144ca maja wed\u0142ug nast\u0119puj\u0105cego porz\u0105dku:<br \/>\n\u2022\tw ko\u015bciele w Konarzewie codziennie po mszy o godz. 18.00<br \/>\n\u2022\tw ko\u015bciele w Dopiewcu w czwartek po mszy o godz. 19.00 i w niedziel\u0119 po mszy o godz. 9.30.<br \/>\n\u2022\tprzy figurze przy ul. Pozna\u0144skiej w Konarzewie w ka\u017cd\u0105 niedziel\u0119 o godz. 20.00<br \/>\n\u2022\tprzy figurze w Go\u0142uskach codziennie o godz. 19.45.<br \/>\n\u2022\tprzy krzy\u017cu z figur\u0105 w Chom\u0119cicach codziennie o godz. 19.30.<br \/>\n\u2022\tprzy figurze w Trzcielinie codziennie o godz. 19.00<br \/>\n7.\t\u201eDzieci Maryi\u201d zapraszaj\u0105 na nabo\u017ce\u0144stwa majowe przy krzy\u017cach i figurach na terenie naszej parafii,<br \/>\nw wybrane dni o godz. 19.15. Szczeg\u00f3\u0142y na tablicy og\u0142osze\u0144 i kartkach rozdawanych przy wyj\u015bciach z ko\u015bcio\u0142a.<br \/>\nW dniu, w kt\u00f3rym \u201eDzieci Maryi\u201d prowadz\u0105 w danej miejscowo\u015bci nabo\u017ce\u0144stwo, nie b\u0119dzie w tej samej miejscowo\u015bci r\u00f3wnolegle drugiego nabo\u017ce\u0144stwa (dotyczy Chom\u0119cic, Trzcielina, Go\u0142usek).<br \/>\n8.\tKr\u0105g biblijny ma spotkanie w poniedzia\u0142ek o godz. 19.00 w sali \u201eLaboratorium wiary\u201d.<br \/>\n9.\tSpowied\u017a w pierwszy pi\u0105tek b\u0119dzie od g. 17.00 do g. 17.50. Komunia b\u0119dzie udzielana o g. 17.15 i 17.30.<br \/>\n10.\t\u201eCafe mama\u201d dla m\u0142odych mam ma spotkanie we wtorek o godz. 19.00 w sali \u201eLaboratorium wiary\u201d.<br \/>\n11.\tM\u0142odzie\u017c ma spotkanie w czwartek o godz. 19.45 w jadalni O\u015brodka. Temat: Noc ciemna.<br \/>\n12.\t\u201eDzieci Maryi\u201d maj\u0105 spotkanie w sobot\u0119 o godz. 10.00.<br \/>\n13.\t\u201eM\u0119ska przysta\u0144\u201d ma spotkanie w czwartek o godz. 20.00 w sali \u201eLaboratorium wiary\u201d.<br \/>\n14.\tKatecheza przedchrzcielna odb\u0119dzie si\u0119 w \u015brod\u0119 6 maja o godz. 18.50 w dolnej kaplicy.<br \/>\n15.\tRada duszpasterska ma spotkanie w \u015brod\u0119 6 maja o godz. 20.00 na plebanii.<br \/>\n16.\tIntencja na maj dla wsp\u00f3lnoty \u201e\u017bywego R\u00f3\u017ca\u0144ca\u201d brzmi: w intencji dzieci pierwszokomunijnych<br \/>\nz naszej parafii oraz ich rodzin.<br \/>\n17.\tDyspensa od wstrzemi\u0119\u017aliwo\u015bci od pokarm\u00f3w mi\u0119snych zosta\u0142a udzielona przez Ksi\u0119dza Arcybiskupa<br \/>\nna pi\u0105tek 1 maja.<br \/>\n18.\tOsoby ch\u0119tne do wykonania dywanu kwiatowego na Bo\u017ce Cia\u0142o prosimy o kontakt z ksi\u0119dzem Robertem.<br \/>\n19.\tNajnowszy numer pisma parafialnego \u201eWsp\u00f3lnota\u201d b\u0119dzie dost\u0119pny za tydzie\u0144 w niedziel\u0119.<br \/>\n20.\tZmarli nasi parafianie: \u015bp. Zofia Miesza\u0142a z Dopiewca \u2013 jej pogrzeb odby\u0142 si\u0119 w minionym tygodniu<br \/>\nna cmentarzu w Dopiewie oraz \u015bp. Stanis\u0142aw Stawarski z DPS \u2013 u Lis\u00f3wkach \u2013 jego pogrzeb odby\u0142 si\u0119<br \/>\nw minionym tygodniu na naszym cmentarzu. Pole\u0107my ich Mi\u0142osierdziu Bo\u017cemu: Wieczny odpoczynek \u2026<\/p>\n","protected":false},"excerpt":{"rendered":"<p>1. \u015awiatowy Dzie\u0144 Modlitw o powo\u0142ania i rozpocz\u0119cie Kwartalnych dni modlitw o powo\u0142ania do s\u0142u\u017cby w Ko\u015bciele, obchodzimy dzi\u015b w Ko\u015bciele. 2. Msza w intencji dzieci obchodz\u0105cych urodziny w kwietniu b\u0119dzie odprawiona dzi\u015b w niedziel\u0119 o godz. 12.30. W zakrystii mo\u017cna poda\u0107 imi\u0119, nazwisko i wiek dziecka do odczytania podczas mszy. 3. Pierwsza rocznica ingresu<\/p>\n<div class=\"more-link\">\n\t\t\t\t <a href=\"https:\/\/www.parafiakonarzewo.pl\/index.php\/2026\/04\/25\/4-niedziela-wielkanocna-26-04-2026\/\" class=\"btn theme-btn inverted\"><span>Read More <\/span><\/a>\n\t\t\t<\/div>\n","protected":false},"author":1,"featured_media":0,"comment_status":"closed","ping_status":"","sticky":false,"template":"","format":"standard","meta":{"footnotes":""},"categories":[1],"tags":[],"class_list":["post-403","post","type-post","status-publish","format-standard","hentry","category-ogloszenia"],"_links":{"self":[{"href":"https:\/\/www.parafiakonarzewo.pl\/index.php\/wp-json\/wp\/v2\/posts\/403","targetHints":{"allow":["GET"]}}],"collection":[{"href":"https:\/\/www.parafiakonarzewo.pl\/index.php\/wp-json\/wp\/v2\/posts"}],"about":[{"href":"https:\/\/www.parafiakonarzewo.pl\/index.php\/wp-json\/wp\/v2\/types\/post"}],"author":[{"embeddable":true,"href":"https:\/\/www.parafiakonarzewo.pl\/index.php\/wp-json\/wp\/v2\/users\/1"}],"replies":[{"embeddable":true,"href":"https:\/\/www.parafiakonarzewo.pl\/index.php\/wp-json\/wp\/v2\/comments?post=403"}],"version-history":[{"count":1,"href":"https:\/\/www.parafiakonarzewo.pl\/index.php\/wp-json\/wp\/v2\/posts\/403\/revisions"}],"predecessor-version":[{"id":404,"href":"https:\/\/www.parafiakonarzewo.pl\/index.php\/wp-json\/wp\/v2\/posts\/403\/revisions\/404"}],"wp:attachment":[{"href":"https:\/\/www.parafiakonarzewo.pl\/index.php\/wp-json\/wp\/v2\/media?parent=403"}],"wp:term":[{"taxonomy":"category","embeddable":true,"href":"https:\/\/www.parafiakonarzewo.pl\/index.php\/wp-json\/wp\/v2\/categories?post=403"},{"taxonomy":"post_tag","embeddable":true,"href":"https:\/\/www.parafiakonarzewo.pl\/index.php\/wp-json\/wp\/v2\/tags?post=403"}],"curies":[{"name":"wp","href":"https:\/\/api.w.org\/{rel}","templated":true}]}}