{"id":389,"date":"2026-04-04T17:41:32","date_gmt":"2026-04-04T17:41:32","guid":{"rendered":"https:\/\/www.parafiakonarzewo.pl\/?p=389"},"modified":"2026-04-04T17:41:32","modified_gmt":"2026-04-04T17:41:32","slug":"niedziela-zmartwychwstania-panskiego-05-04-2026","status":"publish","type":"post","link":"https:\/\/www.parafiakonarzewo.pl\/index.php\/2026\/04\/04\/niedziela-zmartwychwstania-panskiego-05-04-2026\/","title":{"rendered":"NIEDZIELA ZMARTWYCHWSTANIA PA\u0143SKIEGO 05.04.2026"},"content":{"rendered":"<p>1.\tZ okazji \u015awi\u0105t Zmartwychwstania Pa\u0144skiego, razem z ks. Robertem \u2013 naszym wikariuszem, \u017cyczymy Wam<br \/>\nDrodzy Parafianie i Go\u015bcie, aby Jezus Zwyci\u0119zca \u015amierci, Piek\u0142a i Szatana zawsze kr\u00f3lowa\u0142 w Waszym \u017cyciu<br \/>\noraz obdarza\u0142 potrzebnymi \u0142askami a tak\u017ce zdrowiem duszy i cia\u0142a. Weso\u0142ego Alleluja!<br \/>\n2.\tBardzo dzi\u0119kujemy wszystkim zaanga\u017cowanym w przygotowanie i przebieg liturgii w trakcie Triduum Paschalnego, \u0142\u0105cznie z procesj\u0105 rezurekcyjn\u0105 oraz z czuwaniem przy Grobie Pa\u0144skim. Dzi\u0119kujemy tym, kt\u00f3rzy zadbali o wystr\u00f3j, kwiaty i porz\u0105dek w ko\u015bciele oraz wok\u00f3\u0142 niego a r\u00f3wnie\u017c na terenie<br \/>\nprzy plebanii.<br \/>\n3.\tMsza dzi\u015b w niedziel\u0119 o godz. 18.00 jest odwo\u0142ana.<br \/>\n4.\tNowenna przed \u015bwi\u0119tem Mi\u0142osierdzia Bo\u017cego b\u0119dzie odm\u00f3wiona dzi\u015b w niedziel\u0119 o godz. 7.50<br \/>\na od poniedzia\u0142ku do soboty po mszy o godz. 18.00.<br \/>\n5.\tNiedziel\u0119 Mi\u0142osierdzia Bo\u017cego i pocz\u0105tek Tygodnia Mi\u0142osierdzia b\u0119dziemy obchodzi\u0107<br \/>\nza tydzie\u0144 w niedziel\u0119.<br \/>\n6.\tGodzina mi\u0142osierdzia z odm\u00f3wieniem Koronki do Mi\u0142osierdzia Bo\u017cego i uczczeniem relikwii<br \/>\n\u015bw. Faustyny Kowalskiej odb\u0119dzie si\u0119 za tydzie\u0144 w niedziel\u0119 o godz. 15.00.<br \/>\n7.\tPierwsza spowied\u017a dla dzieci przed Pierwsz\u0105 Komuni\u0105 odb\u0119dzie w tym tygodniu,<br \/>\nwg ustalonego planu.<br \/>\n8.\tOdwiedziny chorych z sakramentami: ks. Robert odwiedzi chorych z Konarzewa i Trzcielina<br \/>\nw czwartek 9 kwietnia od godz. 8.00 a ks. Proboszcz odwiedzi:<br \/>\n\u2022\tchorych z Chom\u0119cic z ul. Pozna\u0144skiej, Polnej i \u015arodkowej w \u015brod\u0119 8 kwietnia od godz. 8.30<br \/>\n\u2022\tchorych z Chom\u0119cic z ul. S\u0142onecznej i St\u0119szewskiej w czwartek 9 kwietnia od godz. 8.30<br \/>\n\u2022\tchorych z Dopiewca w pi\u0105tek 10 kwietnia od godz. 8.30<br \/>\n\u2022\tchorych z Go\u0142usek w \u015brod\u0119 15 kwietnia od godz. 9.00.<br \/>\n9.\tKatecheza przedchrzcielna odb\u0119dzie si\u0119 w \u015brod\u0119 15 kwietnia o godz. 18.45 w ko\u015bciele.<br \/>\n10.\tIntencja na kwiecie\u0144 dla wsp\u00f3lnoty \u017bywego R\u00f3\u017ca\u0144ca brzmi: za kap\u0142an\u00f3w prze\u017cywaj\u0105cych kryzys.<br \/>\n11.\tWstrzemi\u0119\u017aliwo\u015b\u0107 od potraw mi\u0119snych nie obowi\u0105zuje w najbli\u017cszy pi\u0105tek z racji Oktawy.<br \/>\n12.\tNajnowszy numer pisma parafialnego \u201eWsp\u00f3lnota\u201d jest dost\u0119pny przy wyj\u015bciach z ko\u015bcio\u0142a.<br \/>\n13.\tSk\u0142adka gospodarcza b\u0119dzie przeprowadzona za tydzie\u0144. Przeznaczymy j\u0105 dalej<br \/>\nna ogrzewanie ko\u015bcio\u0142a.<br \/>\n14.\tTaca na Wydzia\u0142 Teologiczny UAM, KUL i szko\u0142y katolickie b\u0119dzie zebrana<br \/>\nw poniedzia\u0142ek wielkanocny.<br \/>\n15.\tZbi\u00f3rka do puszek na Caritas Archidiecezjaln\u0105 b\u0119dzie przeprowadzona za tydzie\u0144 w niedziel\u0119.<br \/>\n16.\tDzi\u0119kujemy wszystkim, kt\u00f3rzy przygotowali paczki na \u015bwi\u0119ta dla potrzebuj\u0105cych z naszej parafii. Szczeg\u00f3lne podzi\u0119kowanie dla parafialnej Caritas za zaanga\u017cowanie w tym dziele i innych dzie\u0142ach,<br \/>\nkt\u00f3re przez ca\u0142y rok ofiarnie podejmuje.<br \/>\n17.\tZmar\u0142 nasz parafianin: \u015bp. Pawe\u0142 Dobrzykowski z Chom\u0119cic \u2013 jego pogrzeb odby\u0142 si\u0119<br \/>\nw minionym tygodniu. Pole\u0107my go Mi\u0142osierdziu Bo\u017cemu: Wieczny odpoczynek \u2026<\/p>\n","protected":false},"excerpt":{"rendered":"<p>1. Z okazji \u015awi\u0105t Zmartwychwstania Pa\u0144skiego, razem z ks. Robertem \u2013 naszym wikariuszem, \u017cyczymy Wam Drodzy Parafianie i Go\u015bcie, aby Jezus Zwyci\u0119zca \u015amierci, Piek\u0142a i Szatana zawsze kr\u00f3lowa\u0142 w Waszym \u017cyciu oraz obdarza\u0142 potrzebnymi \u0142askami a tak\u017ce zdrowiem duszy i cia\u0142a. Weso\u0142ego Alleluja! 2. Bardzo dzi\u0119kujemy wszystkim zaanga\u017cowanym w przygotowanie i przebieg liturgii w trakcie<\/p>\n<div class=\"more-link\">\n\t\t\t\t <a href=\"https:\/\/www.parafiakonarzewo.pl\/index.php\/2026\/04\/04\/niedziela-zmartwychwstania-panskiego-05-04-2026\/\" class=\"btn theme-btn inverted\"><span>Read More <\/span><\/a>\n\t\t\t<\/div>\n","protected":false},"author":1,"featured_media":0,"comment_status":"closed","ping_status":"","sticky":false,"template":"","format":"standard","meta":{"footnotes":""},"categories":[1],"tags":[],"class_list":["post-389","post","type-post","status-publish","format-standard","hentry","category-ogloszenia"],"_links":{"self":[{"href":"https:\/\/www.parafiakonarzewo.pl\/index.php\/wp-json\/wp\/v2\/posts\/389","targetHints":{"allow":["GET"]}}],"collection":[{"href":"https:\/\/www.parafiakonarzewo.pl\/index.php\/wp-json\/wp\/v2\/posts"}],"about":[{"href":"https:\/\/www.parafiakonarzewo.pl\/index.php\/wp-json\/wp\/v2\/types\/post"}],"author":[{"embeddable":true,"href":"https:\/\/www.parafiakonarzewo.pl\/index.php\/wp-json\/wp\/v2\/users\/1"}],"replies":[{"embeddable":true,"href":"https:\/\/www.parafiakonarzewo.pl\/index.php\/wp-json\/wp\/v2\/comments?post=389"}],"version-history":[{"count":1,"href":"https:\/\/www.parafiakonarzewo.pl\/index.php\/wp-json\/wp\/v2\/posts\/389\/revisions"}],"predecessor-version":[{"id":390,"href":"https:\/\/www.parafiakonarzewo.pl\/index.php\/wp-json\/wp\/v2\/posts\/389\/revisions\/390"}],"wp:attachment":[{"href":"https:\/\/www.parafiakonarzewo.pl\/index.php\/wp-json\/wp\/v2\/media?parent=389"}],"wp:term":[{"taxonomy":"category","embeddable":true,"href":"https:\/\/www.parafiakonarzewo.pl\/index.php\/wp-json\/wp\/v2\/categories?post=389"},{"taxonomy":"post_tag","embeddable":true,"href":"https:\/\/www.parafiakonarzewo.pl\/index.php\/wp-json\/wp\/v2\/tags?post=389"}],"curies":[{"name":"wp","href":"https:\/\/api.w.org\/{rel}","templated":true}]}}