{"id":369,"date":"2026-03-14T14:34:21","date_gmt":"2026-03-14T14:34:21","guid":{"rendered":"https:\/\/www.parafiakonarzewo.pl\/?p=369"},"modified":"2026-03-14T14:34:21","modified_gmt":"2026-03-14T14:34:21","slug":"intencje-mszalne-3","status":"publish","type":"post","link":"https:\/\/www.parafiakonarzewo.pl\/index.php\/2026\/03\/14\/intencje-mszalne-3\/","title":{"rendered":"Intencje mszalne"},"content":{"rendered":"<p>SOBOTA 14.03.2026<br \/>\n18.00\tMSZA ZBIOROWA: za + Stefana Przybysza od brata W\u0142adys\u0142awa z rodz; za + Stanis\u0142awa Soba\u0144skiego w 5 r. \u015bm., Helen\u0119, Jana, Tadeusza Soba\u0144skich, Genowef\u0119 Br\u0119czewsk\u0105; za + Damiana Przydanka od \u017cony, c\u00f3rki i wnuczek; za + Bohdan\u0119 Golian od Marii Madali\u0144skiej; za + Agnieszk\u0119, Jana Przybysz, Pelagi\u0119, Zygmunta, Franciszka Madali\u0144skich; za + Jadwig\u0119 w 1 r.\u015bm., J\u00f3zefa, Jana Piotra i Leokadi\u0119 Nowak; za + Grzegorza Skrzypczy\u0144skiego od szwagra Mirka z rodz.; za + Szymona Kaczmarka od Mariusza Waliszewskiego i S\u0142awomira Hercog; za + Tadeusza, Wac\u0142awa Saneckich, Ireneusza Czy\u017c.; za + Eleonor\u0119 Chmarzy\u0144sk\u0105 od Marii i Jerzego Ignaszewskich; za + Mieczys\u0142awa Skrzypczaka w 7 r \u015bm.; za + Iwon\u0119 Dotka od chrze\u015bniaczki Agnieszki z synami; za + Grzegorza Marchelka od \u017cony z dzie\u0107mi; za + Zbigniewa Ludwiczaka od Stanis\u0142awa Stacheckiego<br \/>\ni koleg\u00f3w z SYGENTA<\/p>\n<p>4. NIEDZIELA WIELKIEGO POSTU 15.03.2026<br \/>\n8.00\tza + Marka Nowaka w 4 r.\u015bm.<br \/>\n9.30\tDOPIEWIEC: za + Ann\u0119 Nowak, Jerzego Nowak<br \/>\n11.00\tza + Teres\u0119 Budznsk\u0105 w 20 r.\u015bm., Henryka Budzinskiego<br \/>\n12.30\tza + Miros\u0142awa G\u00f3ra, Stanis\u0142awa Kani\u0119 i zm. z rodz.<br \/>\n18.00\tza + Teres\u0119 Przyk\u0142odzk\u0105, Tadeusza i Krystyn\u0119 Przyk\u0142odzkich <\/p>\n<p>PONIEDZIA\u0141EK 16.03.2026<br \/>\n18.00\tza + Zbigniewa Ludwiczaka int. od Mieczys\u0142awy i Bronis\u0142awa Trybu\u015b, Bartosza Trybu\u015b, Witolda Trybu\u015b z rodzinami<br \/>\nWTOREK 17.03.2026<br \/>\n18.00       \tza + J\u00f3zefa i Katarzyn\u0119 Soba\u0144skich i zm. z rodz. Soba\u0144skich, \u015amiglak\u00f3w, Kalemb\u00f3w i Targosz\u00f3w<\/p>\n<p>\u015aRODA 18.03.2026<br \/>\n18.00\tNOWENNOWA \u2013 WSP\u00d3LNA: o pok\u00f3j na \u015bwiecie; o zdrowie dla chorych; zdrowie dla Patrycji; zdrowie<br \/>\ndla Miros\u0142awa i Bo\u017ce b\u0142. dla ca\u0142ej rodz; zdrowie duszy i cia\u0142a dla Magdaleny; zdrowie dla syna; \u0142ask\u0119 wiary<br \/>\ni odczytanie woli Bo\u017cej w \u017cyciu dla Jakuba; uwolnienie od zniewole\u0144 w rodzinie; \u0142ask\u0119 wiary dla dzieci<br \/>\ni przywr\u00f3cenie zgody w rodzinie; w intencji matki oraz o zgod\u0119 i trze\u017awo\u015b\u0107 w rodzinie, o \u015bwiat\u0142o Ducha \u015awi\u0119tego, wiar\u0119<br \/>\ni dobre rozeznanie dla syna Jakuba oraz za zmar\u0142ych:        <\/p>\n<p>+ \u0141ukasza Nowaka<br \/>\n+ Tymoteusza Markiewicza<br \/>\n+ Ireneusz Czy\u017c<br \/>\n+ Mart\u0119 Ma\u0107kowiak<br \/>\n+ Mari\u0119 Franek od Doroty i Leszka Franek<br \/>\nz rodz.<br \/>\n+ Pelagi\u0119 i Alojzego Smu\u017aniak, Stefani\u0119<br \/>\ni Stanis\u0142awa Szymy\u015blik<br \/>\n+ Jana Czarneckiego od uczestnik\u00f3w pogrzebu<br \/>\n+ Wies\u0142aw\u0119 Bartkowiak od rodziny Che\u0142kowskich<br \/>\n+ Mieczys\u0142awa Przydanka od rodziny Antkowiak\u00f3w i Hanki Janaszak<br \/>\n+ Zbigniewa Ludwiczaka od Hanny Budnej<br \/>\nz rodzin\u0105<br \/>\n+ Grzegorza Marchelka od Anny i S\u0142awomira Cichych z rodzin\u0105<br \/>\n+ Jadwig\u0119 Kluszczy\u0144sk\u0105 od Barbary, Beni, Tadeusza z rodzinami<br \/>\n+ Krzysztofa Wo\u017anego od Piotra Bartkowiaka<br \/>\nz rodzin\u0105 i mam\u0105 Iren\u0105<br \/>\n+ Wand\u0119 Jurga od El\u017cbiety i Paw\u0142a \u015amiglak<br \/>\n+ Paw\u0142a Micha\u0142owskiego od brata Darka<br \/>\n+ Franciszka Nowaka od rodz. Dopieralskich<br \/>\n+ Teres\u0119 Koz\u0142owsk\u0105 od uczestnik\u00f3w pogrzebu<br \/>\n+ Franciszka Nowakowskiego od Adama i Kasi Klofik z dzie\u0107mi<br \/>\n+ Wojciecha Kaczmarka od Ani i Przemys\u0142awa Ka\u017amierczak z synami<br \/>\n+ Mari\u0119 Gramza od opiekunki And\u017celiki<br \/>\n+ Adelajd\u0119 G\u0142owick\u0105 od rodz. Bogalskich<br \/>\n+ \u0141ukasza Styperka od siostry Katarzyny<\/p>\n<p>CZWARTEK 19.03.2026 \u015aW. J\u00d3ZEFA OBLUBIE\u0143CA NMP &#8211; UROCZYSTO\u015a\u0106<br \/>\n18.00\tza + Bogdana Buritta w 1 r. \u015bm.<br \/>\n19.00\tDOPIEWIEC: za + Jadwig\u0119, Aniel\u0119, Wincentego Bartkowiak\u00f3w; W\u0142adys\u0142aw\u0119, Jana, Janusza Wojnowskich,        Tadeusza Rynkowskiego<\/p>\n<p>PI\u0104TEK 20.03.2026<br \/>\n18.00\t1. W INTENCJI ZMAR\u0141YCH Z WYMIENIANEK ROCZNYCH<br \/>\n2. za + Paw\u0142a Micha\u0142owskiego &#8211; int. od kole\u017canek i koleg\u00f3w z klasy gimnazjalnej<br \/>\n19:00\tMSZA ORAZ MODLITWA O UZDROWIENIE<\/p>\n<p>SOBOTA 21.03.2026<br \/>\n8.00\tza + Wojciecha Kaczmarka int. od brata z rodz.<br \/>\n18.00\tza + Ryszarda, Edwarda, W\u0142adys\u0142aw\u0119, Budzi\u0144skich; Leona, Pelagi\u0119 Szajkowskich; El\u017cbiet\u0119, Mariusza Jo\u0144skich i zm. z rodz.<\/p>\n<p>5. NIEDZIELA WIELKIEGO POSTU 22.03.2026<br \/>\n8.00\tw 80 r. ur. Marii Nowak z podz. za dar \u017cycia oraz z pro\u015bb\u0105 o Bo\u017ce b\u0142. I opiek\u0119 Matki Bo\u017cej<br \/>\n9.30\tDOPIEWIEC: MSZA ZBIOROWA: za + Franciszka Nowakowskiego od El\u017cbiety Oszcz\u0119da; za + Tomasza Krzemi\u0144skiego od Barbary Lizakowskiej z Hani\u0105 i Paw\u0142em z rodzinami; za + Jana i Pelagi\u0119 Hetma\u0144skich<br \/>\nod Doroty; za + zmar\u0142ych cz\u0142onk\u00f3w Stowarzyszenia Mi\u0142o\u015bnik\u00f3w Dopiewca \u201eSami Swoi\u201d; za + Janusza Wojnowskiego od Romana i Aliny Siedlik z rodz.<br \/>\n11.00\tz okazji urodzin Anny z podz. za dar \u017cycia oraz z pro\u015bb\u0105 o Bo\u017ce b\u0142. i opiek\u0119 Matki Bo\u017cej Nieustaj\u0105cej Pomocy<br \/>\n12.30\trez.<br \/>\n18.00\tza + Mieczys\u0142awa, Pelagi\u0119 i Grzegorza Kawo\u0144czyk\u00f3w i zm. z rodz. <\/p>\n","protected":false},"excerpt":{"rendered":"<p>SOBOTA 14.03.2026 18.00 MSZA ZBIOROWA: za + Stefana Przybysza od brata W\u0142adys\u0142awa z rodz; za + Stanis\u0142awa Soba\u0144skiego w 5 r. \u015bm., Helen\u0119, Jana, Tadeusza Soba\u0144skich, Genowef\u0119 Br\u0119czewsk\u0105; za + Damiana Przydanka od \u017cony, c\u00f3rki i wnuczek; za + Bohdan\u0119 Golian od Marii Madali\u0144skiej; za + Agnieszk\u0119, Jana Przybysz, Pelagi\u0119, Zygmunta, Franciszka Madali\u0144skich; za +<\/p>\n<div class=\"more-link\">\n\t\t\t\t <a href=\"https:\/\/www.parafiakonarzewo.pl\/index.php\/2026\/03\/14\/intencje-mszalne-3\/\" class=\"btn theme-btn inverted\"><span>Read More <\/span><\/a>\n\t\t\t<\/div>\n","protected":false},"author":1,"featured_media":0,"comment_status":"closed","ping_status":"","sticky":false,"template":"","format":"standard","meta":{"footnotes":""},"categories":[4],"tags":[],"class_list":["post-369","post","type-post","status-publish","format-standard","hentry","category-intencje"],"_links":{"self":[{"href":"https:\/\/www.parafiakonarzewo.pl\/index.php\/wp-json\/wp\/v2\/posts\/369","targetHints":{"allow":["GET"]}}],"collection":[{"href":"https:\/\/www.parafiakonarzewo.pl\/index.php\/wp-json\/wp\/v2\/posts"}],"about":[{"href":"https:\/\/www.parafiakonarzewo.pl\/index.php\/wp-json\/wp\/v2\/types\/post"}],"author":[{"embeddable":true,"href":"https:\/\/www.parafiakonarzewo.pl\/index.php\/wp-json\/wp\/v2\/users\/1"}],"replies":[{"embeddable":true,"href":"https:\/\/www.parafiakonarzewo.pl\/index.php\/wp-json\/wp\/v2\/comments?post=369"}],"version-history":[{"count":1,"href":"https:\/\/www.parafiakonarzewo.pl\/index.php\/wp-json\/wp\/v2\/posts\/369\/revisions"}],"predecessor-version":[{"id":370,"href":"https:\/\/www.parafiakonarzewo.pl\/index.php\/wp-json\/wp\/v2\/posts\/369\/revisions\/370"}],"wp:attachment":[{"href":"https:\/\/www.parafiakonarzewo.pl\/index.php\/wp-json\/wp\/v2\/media?parent=369"}],"wp:term":[{"taxonomy":"category","embeddable":true,"href":"https:\/\/www.parafiakonarzewo.pl\/index.php\/wp-json\/wp\/v2\/categories?post=369"},{"taxonomy":"post_tag","embeddable":true,"href":"https:\/\/www.parafiakonarzewo.pl\/index.php\/wp-json\/wp\/v2\/tags?post=369"}],"curies":[{"name":"wp","href":"https:\/\/api.w.org\/{rel}","templated":true}]}}