{"id":367,"date":"2026-03-14T14:33:55","date_gmt":"2026-03-14T14:33:55","guid":{"rendered":"https:\/\/www.parafiakonarzewo.pl\/?p=367"},"modified":"2026-03-14T14:33:55","modified_gmt":"2026-03-14T14:33:55","slug":"4-niedziela-wielkiego-postu-15-03-2026","status":"publish","type":"post","link":"https:\/\/www.parafiakonarzewo.pl\/index.php\/2026\/03\/14\/4-niedziela-wielkiego-postu-15-03-2026\/","title":{"rendered":"4.\tNIEDZIELA WIELKIEGO POSTU 15.03.2026"},"content":{"rendered":"<p>1.\tSakrament Bierzmowania b\u0119dzie udzielony m\u0142odzie\u017cy naszej parafii przez Ksi\u0119dza Biskupa<br \/>\nZdzis\u0142awa Fortuniaka w sobot\u0119 21 marca podczas mszy o godz. 18.00.<br \/>\n2.\tMsza za zmar\u0142ych z wymienianek rocznych b\u0119dzie odprawiona pi\u0105tek o godz. 18.00.<br \/>\n3.\tMsza oraz modlitwa o uzdrowienie b\u0119dzie odprawiona w pi\u0105tek o godz. 19.00.<br \/>\n4.\tDroga krzy\u017cowa odbywa si\u0119 w ka\u017cdy pi\u0105tek Wielkiego Postu: w ko\u015bciele w Konarzewie dla dzieci o godz. 16.30, dla doros\u0142ych o godz. 18.30, dla m\u0142odzie\u017cy i \u201ezapracowanych\u201d o godz. 20.30 a w ko\u015bciele w Dopiewcu<br \/>\no godz. 18.00.<br \/>\n5.\tGorzkie \u017cale s\u0105 odprawiane we wszystkie niedziele Wielkiego Postu: w ko\u015bciele w Konarzewie<br \/>\no godz. 17.15 a w ko\u015bciele w Dopiewcu o godz. 9.15.<br \/>\n6.\tAdoracja Naj\u015bwi\u0119tszego Sakramentu w ciszy odbywa si\u0119 w pi\u0105tki Wielkiego Postu od g. 21.00 do g. 22.00.<br \/>\n7.\tDodatkowa okazja do spowiedzi jest w pi\u0105tki Wielkiego Postu od godz. 21.00 do godz. 22.00.<br \/>\n8.\t\u201eKr\u0105g biblijny\u201d ma spotkanie w poniedzia\u0142ek o godz. 19.00 w sali \u201eLaboratorium wiary\u201d.<br \/>\n9.\tKatecheza przedchrzcielna odb\u0119dzie si\u0119 w \u015brod\u0119 18 marca o godz. 18.45 w ko\u015bciele.<br \/>\n10.\tSpotkania dla rodzic\u00f3w dzieci pierwszokomunijnych odb\u0119d\u0105 si\u0119 w \u015brod\u0119 18 marca w jadalni O\u015brodka:<br \/>\n\u2022\tdla rodzic\u00f3w dzieci z I Komunii 9.05 g. 10.00 \u2013 spotkanie o godz. 17.00<br \/>\n\u2022\tdla rodzic\u00f3w dzieci z I Komunii 9.05 g. 12.00 \u2013 spotkanie o godz. 17.30<br \/>\n\u2022\tdla rodzic\u00f3w dzieci z I Komunii 9.05 g. 14.00 \u2013 spotkanie o godz. 18.00<br \/>\n\u2022\tdla rodzic\u00f3w dzieci z I Komunii 10.05 g. 10.30 \u2013 spotkanie o godz. 18.30<br \/>\n\u2022\tdla rodzic\u00f3w dzieci z I Komunii 10.05 g. 12.30 \u2013 spotkanie o godz. 19.00.<br \/>\n11.\t\u201eM\u0119ska Przysta\u0144\u201c ma spotkanie w czwartek o godz. 20.00 w sali \u201eLaboratorium wiary\u201d.<br \/>\n12.\tRada duszpasterska ma zebranie w czwartek 26 marca o godz. 19.30 na plebanii.<br \/>\n13.\tAkcja przygotowania paczek na \u015bwi\u0119ta dla potrzebuj\u0105cych z naszej parafii ca\u0142y czas trwa. Prosimy pobra\u0107 emblemat wielkanocny z drzewka przy o\u0142tarzu. Przygotowane paczki przynosimy do naszego ko\u015bcio\u0142a w niedziel\u0119 palmow\u0105. Do paczek wk\u0142adamy \u015brodki czysto\u015bci i trwa\u0142\u0105 \u017cywno\u015b\u0107.<br \/>\n14.\tKartki \u015bwi\u0105teczne z figur\u0105 Chrystusa Zmartwychwsta\u0142ego z naszego ko\u015bcio\u0142a mo\u017cna pobra\u0107 bezp\u0142atnie przy wyj\u015bciach z ko\u015bcio\u0142a.<br \/>\n15.\tKoperty na danin\u0119 diecezjaln\u0105 s\u0105 dost\u0119pne od dzisiejszej niedzieli przy wyj\u015bciach z ko\u015bcio\u0142a.<br \/>\n16.\tPaschaliki wielkanocne mo\u017cna nabywa\u0107 w zakrystii albo w biurze parafialnym (za ofiar\u0105 15 z\u0142).<br \/>\n17.\tSk\u0142adka gospodarcza wynios\u0142a 7080 z\u0142. Ofiarodawcom dzi\u0119kujemy.<br \/>\n18.\tZbi\u00f3rka do puszek na dzie\u0142o pomocy misjom \u201eAd Gentes\u201d wynios\u0142a 1240 z\u0142. Ofiarodawcom dzi\u0119kujemy.<br \/>\n19.\tOsoby, kt\u00f3re chcia\u0142yby w jakikolwiek spos\u00f3b, zaanga\u017cowa\u0107 si\u0119 w postawienie nowego krzy\u017ca w Go\u0142uskach,<br \/>\nprzy skrzy\u017cowaniu ul. Dopiewskiej i Szkolnej, prosimy o kontakt z Panem So\u0142tysem Go\u0142usek.<br \/>\n20.\tBardzo dzi\u0119kujemy parafianom, kt\u00f3rzy przygotowali pocz\u0119stunek i zorganizowali przyj\u0119cie dla uczestnik\u00f3w Ekstremalnej Drogi Krzy\u017cowej, w nocy pi\u0105tku na sobot\u0119.<br \/>\n21.\tBardzo dzi\u0119kujemy ks. Robertowi i parafianom, kt\u00f3rzy niezwykle ofiarnie zaanga\u017cowali si\u0119 w przygotowanie<br \/>\ni wystawienie przedstawienia teatralnego \u201eMaryja\u201d w sobot\u0119. Szczeg\u00f3lne podzi\u0119kowanie dla Pani Dyrektor Biblioteki Gminnej w Dopiewie wraz pracownikami oraz dla Pani So\u0142tys Konarzewa.<br \/>\n22.\tZmar\u0142 \u015bp. \u0141ukasz Styperek \u2013 dawniej zamieszka\u0142y w Konarzewie. Jego pogrzeb odby\u0142 si\u0119 w minionym tygodniu na naszym cmentarzu. Pole\u0107my go Mi\u0142osierdziu Bo\u017cemu: Wieczny odpoczynek \u2026<\/p>\n","protected":false},"excerpt":{"rendered":"<p>1. Sakrament Bierzmowania b\u0119dzie udzielony m\u0142odzie\u017cy naszej parafii przez Ksi\u0119dza Biskupa Zdzis\u0142awa Fortuniaka w sobot\u0119 21 marca podczas mszy o godz. 18.00. 2. Msza za zmar\u0142ych z wymienianek rocznych b\u0119dzie odprawiona pi\u0105tek o godz. 18.00. 3. Msza oraz modlitwa o uzdrowienie b\u0119dzie odprawiona w pi\u0105tek o godz. 19.00. 4. Droga krzy\u017cowa odbywa si\u0119 w ka\u017cdy<\/p>\n<div class=\"more-link\">\n\t\t\t\t <a href=\"https:\/\/www.parafiakonarzewo.pl\/index.php\/2026\/03\/14\/4-niedziela-wielkiego-postu-15-03-2026\/\" class=\"btn theme-btn inverted\"><span>Read More <\/span><\/a>\n\t\t\t<\/div>\n","protected":false},"author":1,"featured_media":0,"comment_status":"closed","ping_status":"","sticky":false,"template":"","format":"standard","meta":{"footnotes":""},"categories":[1],"tags":[],"class_list":["post-367","post","type-post","status-publish","format-standard","hentry","category-ogloszenia"],"_links":{"self":[{"href":"https:\/\/www.parafiakonarzewo.pl\/index.php\/wp-json\/wp\/v2\/posts\/367","targetHints":{"allow":["GET"]}}],"collection":[{"href":"https:\/\/www.parafiakonarzewo.pl\/index.php\/wp-json\/wp\/v2\/posts"}],"about":[{"href":"https:\/\/www.parafiakonarzewo.pl\/index.php\/wp-json\/wp\/v2\/types\/post"}],"author":[{"embeddable":true,"href":"https:\/\/www.parafiakonarzewo.pl\/index.php\/wp-json\/wp\/v2\/users\/1"}],"replies":[{"embeddable":true,"href":"https:\/\/www.parafiakonarzewo.pl\/index.php\/wp-json\/wp\/v2\/comments?post=367"}],"version-history":[{"count":1,"href":"https:\/\/www.parafiakonarzewo.pl\/index.php\/wp-json\/wp\/v2\/posts\/367\/revisions"}],"predecessor-version":[{"id":368,"href":"https:\/\/www.parafiakonarzewo.pl\/index.php\/wp-json\/wp\/v2\/posts\/367\/revisions\/368"}],"wp:attachment":[{"href":"https:\/\/www.parafiakonarzewo.pl\/index.php\/wp-json\/wp\/v2\/media?parent=367"}],"wp:term":[{"taxonomy":"category","embeddable":true,"href":"https:\/\/www.parafiakonarzewo.pl\/index.php\/wp-json\/wp\/v2\/categories?post=367"},{"taxonomy":"post_tag","embeddable":true,"href":"https:\/\/www.parafiakonarzewo.pl\/index.php\/wp-json\/wp\/v2\/tags?post=367"}],"curies":[{"name":"wp","href":"https:\/\/api.w.org\/{rel}","templated":true}]}}