{"id":365,"date":"2026-03-07T16:51:52","date_gmt":"2026-03-07T16:51:52","guid":{"rendered":"https:\/\/www.parafiakonarzewo.pl\/?p=365"},"modified":"2026-03-07T16:51:52","modified_gmt":"2026-03-07T16:51:52","slug":"intencje-mszalne-2","status":"publish","type":"post","link":"https:\/\/www.parafiakonarzewo.pl\/index.php\/2026\/03\/07\/intencje-mszalne-2\/","title":{"rendered":"Intencje mszalne"},"content":{"rendered":"<p>SOBOTA 7.03.2026<br \/>\n18.00\tza + Halin\u0119 i Stanis\u0142awa Grabowskich<\/p>\n<p>3. NIEDZIELA WIELKIEGO POSTU 8.03.2026<br \/>\n8.00\tza + Kazimierza Czy\u017c z ok. imienin \u2013 int. od \u017cony z rodz.<br \/>\n9.30\tDOPIEWIEC: za + Mari\u0119, Edwarda, Krzysztofa Kaczmarek, Stanis\u0142aw\u0119 i Kazimierza Klupczy\u0144skich, Dariusza Kmiecik<br \/>\n11.00\tza + Zbigniewa Ludwiczaka z ok. urodzin \u2013 int. od szwagra Norberta z rodz.<br \/>\n12.30\tza + Jerzego Ciesi\u00f3\u0142k\u0119 w 3 r. \u015bm.<br \/>\n18.00\tza + Bogumi\u0142\u0119 i J\u00f3zefa Guba\u0144skich i zm. z rodz. <\/p>\n<p>PONIEDZIA\u0141EK 9.03.2026<br \/>\n18.00\tw 40-st\u0105 r. ur. Karoliny z podz. Za dar \u017cycia oraz z pro\u015bb\u0105 o Bo\u017ce b\u0142., \u015bwiat\u0142o Ducha \u015bw.  i opiek\u0119 Matki Bo\u017cej<br \/>\n19.00\tDOPIEWIEC: za + Franciszka Nowakowskiego \u2013 int. od Haliny i Romana Badyna z rodz. oraz Urszuli Czeszak<br \/>\nz rodz.<br \/>\nWTOREK 10.03.2026<br \/>\n18.00       \tza + Teres\u0119 Szostak<br \/>\n19.00\t\tDOPIEWIEC: za + Mari\u0119 Gramza \u2013 int. od kuzynek: Urszuli Czeszak i Marii Chermu\u0142a <\/p>\n<p>\u015aRODA 11.03.2026<br \/>\n18.00\tNOWENNOWA \u2013 WSP\u00d3LNA: o pok\u00f3j na \u015bwiecie; o zdrowie dla chorych;; zdrowie dla Patrycji; zdrowie<br \/>\ndla Miros\u0142awa i Bo\u017ce b\u0142. dla ca\u0142ej rodz; zdrowie duszy i cia\u0142a dla Magdaleny; zdrowie dla syna; \u0142ask\u0119 wiary<br \/>\ni odczytanie woli Bo\u017cej w \u017cyciu dla Jakuba; uwolnienie od zniewole\u0144 w rodzinie; \u0142ask\u0119 wiary dla dzieci<br \/>\ni przywr\u00f3cenie zgody w rodzinie; w intencji matki oraz o zgod\u0119 i trze\u017awo\u015b\u0107 w rodzinie, o \u015bwiat\u0142o Ducha \u015awi\u0119tego, wiar\u0119 i dobre rozeznanie dla syna Jakuba oraz za zmar\u0142ych:        <\/p>\n<p>+ \u0141ukasza Nowaka<br \/>\n+ Tymoteusza Markiewicza w 2 r. \u015bm.<br \/>\ni zm. z rodz.<br \/>\n+ Ireneusz Czy\u017c<br \/>\n+ Mart\u0119 Ma\u0107kowiak<br \/>\n+ Jakuba Borkowskiego w 8. r \u015bm.<br \/>\n+ Franciszk\u0119 Nowak od c\u00f3rki Jolanty z rodz.<br \/>\n+ Jana Czarneckiego od rodziny Raczkowiak\u00f3w<br \/>\n+ Wies\u0142aw\u0119 Bartkowiak od Ma\u0142gorzaty<br \/>\ni Ryszarda Ruskowiak\u00f3w z rodzin\u0105<br \/>\n+ Eugeniusza Dorna od uczestnik\u00f3w pogrzebu<br \/>\n+ Mieczys\u0142awa Przydanka od Macieja Jurdzi\u0144skiego z rodzin\u0105<br \/>\n+ Zbigniewa Ludwiczaka od Mariusza Berkowskiego z rodzin\u0105<br \/>\n+ Grzegorza Marchelka od Krystyny Dziamskiej z rodzin\u0105<br \/>\n+ Jadwig\u0119 Kluszczy\u0144sk\u0105 od rodzin Ny\u0107kowiak, Zdanowicz\u00f3w, Chudzi\u0144skich, Sammler\u00f3w<br \/>\ni Doroty Ossowskiej<br \/>\n+ Krzysztofa Wo\u017anego od Danuty Kubiak<br \/>\nz rodzin\u0105<br \/>\n+ Wand\u0119 Jurga od rodziny Siud\u00f3w<br \/>\n+ Paw\u0142a Micha\u0142owskiego od siostry Magdy<br \/>\nz rodz.<br \/>\n+ Franciszka Nowaka od Ani z rodz.<br \/>\n+ Teres\u0119 Koz\u0142owsk\u0105 od Domu Pogrzebowego \u201eSacrum\u201d<br \/>\n+ Franciszka Nowakowskiego od prawnuczki Wiktorii i wnuczki Karoliny<br \/>\n+ Wojciecha Kaczmarka od rodziny Budnych<br \/>\ni Janiszewskich<br \/>\n+ Mari\u0119 Gramza  od rodziny Trybusi\u00f3w, Ludwiczak\u00f3w i Wieczork\u00f3w<\/p>\n<p>19.00\t\tDOPIEWIEC: za + Franciszka Nowakowskiego \u2013 int. od rodz. Pasik\u00f3w i B\u0105bk\u00f3w <\/p>\n<p>CZWARTEK 12.03.2026<br \/>\n18.00\tza + Stefana, Romana, Zofi\u0119 i J\u00f3zefa Linkowskich<br \/>\n19.00\t\tDOPIEWIEC: za + Stanis\u0142aw\u0119 Mateck\u0105 i zm. z rodz. Mateckich <\/p>\n<p>PI\u0104TEK 13.03.2026<br \/>\n18.00\tza + Stanis\u0142aw\u0119 i Mariana Szmyt , Jana Gawro\u0144skiego i zm. z rodz. <\/p>\n<p>SOBOTA 14.03.2026<br \/>\n8.00\tza + Eleonor\u0119 Derda w 1 r. \u015bm.<br \/>\n18.00\tMSZA ZBIOROWA: za + Stefana Przybysza od brata W\u0142adys\u0142awa z rodz; za + Stanis\u0142awa Soba\u0144skiego w 5 r.\u015bm., Helen\u0119, Jana, Tadeusza Soba\u0144skich, Genowef\u0119 Br\u0119czewsk\u0105; za + Damiana Przydanka od \u017cony, c\u00f3rki i wnuczek; za + Bohdan\u0119 Golian od Marii Madali\u0144skiej; za + Agnieszk\u0119, Jana Przybysz, Pelagi\u0119, Zygmunta, Franciszka Madali\u0144skich; za + Jadwig\u0119 w 1 r.\u015bm., J\u00f3zefa, Jana Piotra i Leokadi\u0119 Nowak; za + Grzegorza Skrzypczy\u0144skiego<br \/>\nod szwagra Mirka z rodz.; za + Szymona Kaczmarka od Mariusza Waliszewskiego i S\u0142awomira Hercog; za + Tadeusza, Wac\u0142awa Saneckich, Ireneusza Czy\u017c.; za + Eleonor\u0119 Chmarzy\u0144sk\u0105 od Marii i Jerzego Ignaszewskich;<br \/>\nza + Mieczys\u0142awa Skrzypczaka w 7 r \u015bm.; za + Iwon\u0119 Dotka od chrze\u015bniaczki Agnieszki z synami; za + Grzegorza Marchelka od \u017cony z dzie\u0107mi; za + Zbigniewa Ludwiczaka od Stanis\u0142awa Stacheckiego i koleg\u00f3w z SYGENTA; <\/p>\n<p>4. NIEDZIELA WIELKIEGO POSTU 15.03.2026<br \/>\n8.00\tza + Marka Nowaka w 4 r. \u015bm.<br \/>\n9.30\tDOPIEWIEC: za + Ann\u0119 Nowak i Jerzego Nowak<br \/>\n11.00\tza + Teres\u0119 Budzi\u0144sk\u0105 w 20 r.\u015bm. i Henryka Budzi\u0144skiego<br \/>\n12.30\tza + Miros\u0142awa G\u00f3ra, Stanis\u0142awa Kani\u0119 i zm. z rodz.<br \/>\n18.00\tza + Teres\u0119 Przyk\u0142ock\u0105, Tadeusza i Krystyn\u0119 Przyk\u0142ockich <\/p>\n","protected":false},"excerpt":{"rendered":"<p>SOBOTA 7.03.2026 18.00 za + Halin\u0119 i Stanis\u0142awa Grabowskich 3. NIEDZIELA WIELKIEGO POSTU 8.03.2026 8.00 za + Kazimierza Czy\u017c z ok. imienin \u2013 int. od \u017cony z rodz. 9.30 DOPIEWIEC: za + Mari\u0119, Edwarda, Krzysztofa Kaczmarek, Stanis\u0142aw\u0119 i Kazimierza Klupczy\u0144skich, Dariusza Kmiecik 11.00 za + Zbigniewa Ludwiczaka z ok. urodzin \u2013 int. od szwagra Norberta<\/p>\n<div class=\"more-link\">\n\t\t\t\t <a href=\"https:\/\/www.parafiakonarzewo.pl\/index.php\/2026\/03\/07\/intencje-mszalne-2\/\" class=\"btn theme-btn inverted\"><span>Read More <\/span><\/a>\n\t\t\t<\/div>\n","protected":false},"author":1,"featured_media":0,"comment_status":"closed","ping_status":"","sticky":false,"template":"","format":"standard","meta":{"footnotes":""},"categories":[4],"tags":[],"class_list":["post-365","post","type-post","status-publish","format-standard","hentry","category-intencje"],"_links":{"self":[{"href":"https:\/\/www.parafiakonarzewo.pl\/index.php\/wp-json\/wp\/v2\/posts\/365","targetHints":{"allow":["GET"]}}],"collection":[{"href":"https:\/\/www.parafiakonarzewo.pl\/index.php\/wp-json\/wp\/v2\/posts"}],"about":[{"href":"https:\/\/www.parafiakonarzewo.pl\/index.php\/wp-json\/wp\/v2\/types\/post"}],"author":[{"embeddable":true,"href":"https:\/\/www.parafiakonarzewo.pl\/index.php\/wp-json\/wp\/v2\/users\/1"}],"replies":[{"embeddable":true,"href":"https:\/\/www.parafiakonarzewo.pl\/index.php\/wp-json\/wp\/v2\/comments?post=365"}],"version-history":[{"count":1,"href":"https:\/\/www.parafiakonarzewo.pl\/index.php\/wp-json\/wp\/v2\/posts\/365\/revisions"}],"predecessor-version":[{"id":366,"href":"https:\/\/www.parafiakonarzewo.pl\/index.php\/wp-json\/wp\/v2\/posts\/365\/revisions\/366"}],"wp:attachment":[{"href":"https:\/\/www.parafiakonarzewo.pl\/index.php\/wp-json\/wp\/v2\/media?parent=365"}],"wp:term":[{"taxonomy":"category","embeddable":true,"href":"https:\/\/www.parafiakonarzewo.pl\/index.php\/wp-json\/wp\/v2\/categories?post=365"},{"taxonomy":"post_tag","embeddable":true,"href":"https:\/\/www.parafiakonarzewo.pl\/index.php\/wp-json\/wp\/v2\/tags?post=365"}],"curies":[{"name":"wp","href":"https:\/\/api.w.org\/{rel}","templated":true}]}}