{"id":363,"date":"2026-03-07T16:51:21","date_gmt":"2026-03-07T16:51:21","guid":{"rendered":"https:\/\/www.parafiakonarzewo.pl\/?p=363"},"modified":"2026-03-07T16:51:21","modified_gmt":"2026-03-07T16:51:21","slug":"3-niedziela-wielkiego-postu-8-03-2026","status":"publish","type":"post","link":"https:\/\/www.parafiakonarzewo.pl\/index.php\/2026\/03\/07\/3-niedziela-wielkiego-postu-8-03-2026\/","title":{"rendered":"3.\tNIEDZIELA WIELKIEGO POSTU 8.03.2026"},"content":{"rendered":"<p>1.\tRekolekcje wielkopostne rozpoczynaj\u0105 si\u0119 dzi\u015b w niedziel\u0119 i potrwaj\u0105 do najbli\u017cszej \u015brody. Nauki<br \/>\ns\u0105 g\u0142oszone podczas mszy niedzielnych oraz w poniedzia\u0142ek, wtorek i \u015brod\u0119: w ko\u015bciele w Konarzewie podczas mszy o godz. 18.00 a w ko\u015bciele w Dopiewcu podczas mszy o godz. 19.00. S\u0142owo Bo\u017ce g\u0142osi<br \/>\nks. Mariusz Soko\u0142owski ze Zgromadzenia Ksi\u0119\u017cy Chrystusowc\u00f3w z Poznania, kt\u00f3ry r\u00f3wnocze\u015bnie<br \/>\njest dyrektorem Radia \u201eEmaus\u201d.<br \/>\n2.\tEkstremalna Droga Krzy\u017cowa wyruszy w pi\u0105tek 13 marca, po mszy o godz. 19.00 z ko\u015bcio\u0142a<br \/>\npw. \u015bw. Mateusza w Opalenicy i dotrze do naszego ko\u015bcio\u0142a w \u015brodku nocy. Zapisy na stronie: www.edk.org.pl.<br \/>\n3.\tCa\u0142onocna adoracja w ciszy w intencji pokoju na \u015bwiecie rozpocznie si\u0119 w naszym ko\u015bciele w pi\u0105tek 13 marca o godz. 21.00 i potrwa do soboty 14 marca do godz. 8.00. Zapraszamy do zapisywania si\u0119 w zakrystii<br \/>\nna poszczeg\u00f3lne godziny czuwania.<br \/>\n4.\tDroga krzy\u017cowa odbywa si\u0119 w ka\u017cdy pi\u0105tek Wielkiego Postu: w ko\u015bciele w Konarzewie<br \/>\ndla dzieci o godz. 16.30, dla doros\u0142ych o godz. 18.30, dla m\u0142odzie\u017cy i \u201ezapracowanych\u201d o godz. 20.30<br \/>\na w ko\u015bciele w Dopiewcu o godz. 18.00.<br \/>\n5.\tGorzkie \u017cale s\u0105 odprawiane we wszystkie niedziele Wielkiego Postu: w ko\u015bciele w Konarzewie<br \/>\no godz. 17.15 a w ko\u015bciele w Dopiewcu o godz. 9.15.<br \/>\n6.\tAdoracja Naj\u015bwi\u0119tszego Sakramentu w ciszy odbywa si\u0119 w pi\u0105tki Wielkiego Postu od g. 21.00 do g. 22.00.<br \/>\n7.\tDodatkowa okazja do spowiedzi jest w pi\u0105tki Wielkiego Postu od godz. 21.00 do godz. 22.00.<br \/>\n8.\tOdwiedziny chorych z sakramentami: ks. Proboszcz odwiedzi:<br \/>\n\u2022\tchorych z Chom\u0119cic z ul. Pozna\u0144skiej, Polnej i \u015arodkowej w czwartek (!) 12 marca od godz. 8.30<br \/>\n\u2022\tchorych z Go\u0142usek w pi\u0105tek 13 marca od godz. 9.00.<br \/>\n9.\tKatecheza przedchrzcielna odb\u0119dzie si\u0119 w \u015brod\u0119 18 marca o godz. 18.45 w ko\u015bciele.<br \/>\n10.\tSpotkania dla rodzic\u00f3w dzieci pierwszokomunijnych odb\u0119d\u0105 si\u0119 w \u015brod\u0119 18 marca w jadalni O\u015brodka:<br \/>\n\u2022\tdla rodzic\u00f3w dzieci z I Komunii 9.05 g. 10.00 \u2013 spotkanie o godz. 17.00<br \/>\n\u2022\tdla rodzic\u00f3w dzieci z I Komunii 9.05 g. 12.00 \u2013 spotkanie o godz. 17.30<br \/>\n\u2022\tdla rodzic\u00f3w dzieci z I Komunii 9.05 g. 14.00 \u2013 spotkanie o godz. 18.00<br \/>\n\u2022\tdla rodzic\u00f3w dzieci z I Komunii 10.05 g. 10.30 \u2013 spotkanie o godz. 18.30<br \/>\n\u2022\tdla rodzic\u00f3w dzieci z I Komunii 10.05 g. 12.30 \u2013 spotkanie o godz. 19.00.<br \/>\n11.\tParafialne przedstawienie \u201eMaryja\u201d b\u0119dzie w sobot\u0119 14 marca o g. 19.30 w sali CRK w Konarzewie.<br \/>\n12.\tAkcja przygotowania paczek na \u015bwi\u0119ta dla potrzebuj\u0105cych z naszej parafii rozpoczyna si\u0119 dzi\u015b<br \/>\nw niedziel\u0119. Prosimy pobra\u0107 emblemat wielkanocny z drzewka przy o\u0142tarzu. Przygotowane paczki przynosimy<br \/>\ndo naszego ko\u015bcio\u0142a w niedziel\u0119 palmow\u0105. Do paczek wk\u0142adamy \u015brodki czysto\u015bci i trwa\u0142\u0105 \u017cywno\u015b\u0107.<br \/>\n13.\tKartki \u015bwi\u0105teczne z figur\u0105 Chrystusa Zmartwychwsta\u0142ego z naszego ko\u015bcio\u0142a mo\u017cna pobra\u0107 bezp\u0142atnie przy wyj\u015bciach z ko\u015bcio\u0142a.<br \/>\n14.\tKoperty na danin\u0119 diecezjaln\u0105 b\u0119d\u0105 dost\u0119pne od przysz\u0142ej niedzieli przy wyj\u015bciach z ko\u015bcio\u0142a.<br \/>\n15.\tPaschaliki wielkanocne mo\u017cna nabywa\u0107 w zakrystii albo w biurze parafialnym (za ofiar\u0105 15 z\u0142).<br \/>\n16.\tSk\u0142adka gospodarcza jest przeprowadzana dzi\u015b w niedziel\u0119 \u2013 na pokrycie koszt\u00f3w ogrzewania naszego ko\u015bcio\u0142a.<br \/>\n17.\tZbi\u00f3rka do puszek na dzie\u0142o pomocy misjom \u201eAd Gentes\u201d jest przeprowadzana dzi\u015b w niedziel\u0119.<br \/>\n18.\tZbi\u00f3rka na zakup generatora pr\u0105du dla pa\u0144stwa Natalii i Paw\u0142a oraz ich dziesi\u0119ciorga dzieci z Ukrainy wynios\u0142a 12480 z\u0142. Pieni\u0105dze zosta\u0142y ju\u017c przekazane. Dzi\u0119kujemy Parafianom za wielk\u0105 hojno\u015b\u0107. <\/p>\n","protected":false},"excerpt":{"rendered":"<p>1. Rekolekcje wielkopostne rozpoczynaj\u0105 si\u0119 dzi\u015b w niedziel\u0119 i potrwaj\u0105 do najbli\u017cszej \u015brody. Nauki s\u0105 g\u0142oszone podczas mszy niedzielnych oraz w poniedzia\u0142ek, wtorek i \u015brod\u0119: w ko\u015bciele w Konarzewie podczas mszy o godz. 18.00 a w ko\u015bciele w Dopiewcu podczas mszy o godz. 19.00. S\u0142owo Bo\u017ce g\u0142osi ks. Mariusz Soko\u0142owski ze Zgromadzenia Ksi\u0119\u017cy Chrystusowc\u00f3w z<\/p>\n<div class=\"more-link\">\n\t\t\t\t <a href=\"https:\/\/www.parafiakonarzewo.pl\/index.php\/2026\/03\/07\/3-niedziela-wielkiego-postu-8-03-2026\/\" class=\"btn theme-btn inverted\"><span>Read More <\/span><\/a>\n\t\t\t<\/div>\n","protected":false},"author":1,"featured_media":0,"comment_status":"closed","ping_status":"","sticky":false,"template":"","format":"standard","meta":{"footnotes":""},"categories":[1],"tags":[],"class_list":["post-363","post","type-post","status-publish","format-standard","hentry","category-ogloszenia"],"_links":{"self":[{"href":"https:\/\/www.parafiakonarzewo.pl\/index.php\/wp-json\/wp\/v2\/posts\/363","targetHints":{"allow":["GET"]}}],"collection":[{"href":"https:\/\/www.parafiakonarzewo.pl\/index.php\/wp-json\/wp\/v2\/posts"}],"about":[{"href":"https:\/\/www.parafiakonarzewo.pl\/index.php\/wp-json\/wp\/v2\/types\/post"}],"author":[{"embeddable":true,"href":"https:\/\/www.parafiakonarzewo.pl\/index.php\/wp-json\/wp\/v2\/users\/1"}],"replies":[{"embeddable":true,"href":"https:\/\/www.parafiakonarzewo.pl\/index.php\/wp-json\/wp\/v2\/comments?post=363"}],"version-history":[{"count":1,"href":"https:\/\/www.parafiakonarzewo.pl\/index.php\/wp-json\/wp\/v2\/posts\/363\/revisions"}],"predecessor-version":[{"id":364,"href":"https:\/\/www.parafiakonarzewo.pl\/index.php\/wp-json\/wp\/v2\/posts\/363\/revisions\/364"}],"wp:attachment":[{"href":"https:\/\/www.parafiakonarzewo.pl\/index.php\/wp-json\/wp\/v2\/media?parent=363"}],"wp:term":[{"taxonomy":"category","embeddable":true,"href":"https:\/\/www.parafiakonarzewo.pl\/index.php\/wp-json\/wp\/v2\/categories?post=363"},{"taxonomy":"post_tag","embeddable":true,"href":"https:\/\/www.parafiakonarzewo.pl\/index.php\/wp-json\/wp\/v2\/tags?post=363"}],"curies":[{"name":"wp","href":"https:\/\/api.w.org\/{rel}","templated":true}]}}